{"id":272900,"date":"2019-02-09T10:24:07","date_gmt":"2019-02-09T09:24:07","guid":{"rendered":"https:\/\/hashtag.al\/?p=272900"},"modified":"2019-02-09T10:32:34","modified_gmt":"2019-02-09T09:32:34","slug":"zgjidhen-anetaret-qe-do-bejne-vetingun-ne-polici-garde-e-shcba","status":"publish","type":"post","link":"https:\/\/www.hashtag.al\/index.php\/2019\/02\/09\/zgjidhen-anetaret-qe-do-bejne-vetingun-ne-polici-garde-e-shcba\/","title":{"rendered":"Zgjidhen an\u00ebtar\u00ebt q\u00eb do b\u00ebjn\u00eb Vetingun n\u00eb Polici, Gard\u00eb e SH\u00c7BA","gt_translate_keys":[{"key":"rendered","format":"text"}]},"content":{"rendered":"<p>&nbsp;<\/p>\n<p><img loading=\"lazy\" decoding=\"async\" class=\"aligncenter size-full wp-image-262911\" src=\"https:\/\/hashtag.al\/wp-content\/uploads\/2019\/01\/policia-2.jpg\" alt=\"\" width=\"960\" height=\"612\" srcset=\"https:\/\/www.hashtag.al\/wp-content\/uploads\/2019\/01\/policia-2.jpg 960w, https:\/\/www.hashtag.al\/wp-content\/uploads\/2019\/01\/policia-2-300x191.jpg 300w, https:\/\/www.hashtag.al\/wp-content\/uploads\/2019\/01\/policia-2-768x490.jpg 768w\" sizes=\"auto, (max-width: 960px) 100vw, 960px\" \/><\/p>\n<p><span style=\"color: #000000;\">Jan\u00eb p\u00ebrzgjidhur an\u00ebtar\u00ebt e komisionit t\u00eb jasht\u00ebm t\u00eb vler\u00ebsimit dhe sekretariatit teknik p\u00ebr vettingun n\u00eb polici, Gard\u00eb e SH\u00c7BA.<\/span><\/p>\n<p><span style=\"color: #000000;\">Ministria e Brendshme ka publikuar emrat e p\u00ebrzgjedhur mes kandidaturave, q\u00eb do t\u00eb kryejn\u00eb Vetingun n\u00eb Polici, Gard\u00eb dhe SH\u00c7BA.<\/span><\/p>\n<p><span style=\"color: #000000;\"><b>T\u00cb ZGJEDHURIT<\/b><\/span><\/p>\n<p><span style=\"color: #000000;\">Bordi i P\u00ebrzgjedhjes, n\u00eb mb\u00ebshtetje t\u00eb nenit 9, 10, t\u00eb ligjit nr.12\/2018 \u201cP\u00ebr vler\u00ebsimin kalimtar dhe periodik t\u00eb punonj\u00ebsve t\u00eb Policis\u00eb s\u00eb Shtetit, Gard\u00ebs dhe SH\u00c7BA, n\u00eb Ministrin\u00eb e Brendshme\u201d, VKM nr. 14, si dhe pas p\u00ebrfundimit t\u00eb procedur\u00ebs, p\u00ebrzgjodhi an\u00ebtar\u00ebt e Komisionit t\u00eb Jasht\u00ebm t\u00eb Vler\u00ebsimit:<\/span><\/p>\n<ol>\n<li><span style=\"color: #000000;\">Ana Kapaj<\/span><br \/>\n<span style=\"color: #000000;\"> 2. Artur Baku<\/span><br \/>\n<span style=\"color: #000000;\"> 3. Marjeta Gjelaj<\/span><br \/>\n<span style=\"color: #000000;\"> 4. Sonila Kadareja<\/span><br \/>\n<span style=\"color: #000000;\"> 5. Viktor B\u00ebrdo<\/span><\/li>\n<\/ol>\n<p><span style=\"color: #000000;\">Nga kandidaturat e p\u00ebrcjella nga Rektorati i Universitetit t\u00eb Tiran\u00ebs u p\u00ebrzgjodh\u00ebn kandidat\u00ebt:<\/span><\/p>\n<ol>\n<li><span style=\"color: #000000;\">Ela K\u00ebrka<\/span><br \/>\n<span style=\"color: #000000;\"> 2. Elda Kuka (Balili)<\/span><br \/>\n<span style=\"color: #000000;\"> 3. Elida Liko<\/span><br \/>\n<span style=\"color: #000000;\"> 4. Ledian Rusta<\/span><br \/>\n<span style=\"color: #000000;\"> 5. Mirela Ujkani (Miti)<\/span><\/li>\n<\/ol>\n<p><span style=\"color: #000000;\">An\u00ebtar\u00eb z\u00ebvend\u00ebsues t\u00eb an\u00ebtar\u00ebve t\u00eb Komisionit t\u00eb Jasht\u00ebm t\u00eb Vler\u00ebsimit u p\u00ebrzgjodh\u00ebn kandidat\u00ebt, sipas renditjes:<\/span><\/p>\n<ol>\n<li><span style=\"color: #000000;\">Nertila Sadedini (Murati)<\/span><br \/>\n<span style=\"color: #000000;\"> 2. Bledar Ilia<\/span><br \/>\n<span style=\"color: #000000;\"> 3. Arta Lleshi<\/span><br \/>\n<span style=\"color: #000000;\"> 4. Elton Mu\u00e7a<\/span><\/li>\n<\/ol>\n<p><span style=\"color: #000000;\">An\u00ebtar\u00eb t\u00eb Sekretariatit Teknik u p\u00ebrzgjodh\u00ebn kandidat\u00ebt:<\/span><\/p>\n<ol>\n<li><span style=\"color: #000000;\">Amarildo Kurti<\/span><br \/>\n<span style=\"color: #000000;\"> 2. Arta Lleshi<\/span><br \/>\n<span style=\"color: #000000;\"> 3. Eralda Bajollari<\/span><br \/>\n<span style=\"color: #000000;\"> 4. Erjena Bashari<\/span><br \/>\n<span style=\"color: #000000;\"> 5. Erlisa Shkodrani<\/span><br \/>\n<span style=\"color: #000000;\"> 6. Floris Muho<\/span><br \/>\n<span style=\"color: #000000;\"> 7. Gent Pejo<\/span><br \/>\n<span style=\"color: #000000;\"> 8. G\u00ebzim Selmani<\/span><br \/>\n<span style=\"color: #000000;\"> 9. Ilva Mitro<\/span><br \/>\n<span style=\"color: #000000;\"> 10. Iva Gu\u00e7e<\/span><br \/>\n<span style=\"color: #000000;\"> 11. Klevi Hajdini<\/span><br \/>\n<span style=\"color: #000000;\"> 12. Marjana \u00c7ela<\/span><br \/>\n<span style=\"color: #000000;\"> 13. Marjeta P\u00ebrlala<\/span><br \/>\n<span style=\"color: #000000;\"> 14. Suela Pashaj<\/span><br \/>\n<span style=\"color: #000000;\"> 15. Laert Elmazaj<\/span><\/li>\n<\/ol>\n<p><span style=\"color: #000000;\">Inspektoriati i lart\u00eb i Deklarimit dhe Kontrollit t\u00eb Pasurive dhe Konfliktit t\u00eb Interesave ka caktuar si an\u00ebtar\u00eb t\u00eb Komisionit t\u00eb Jasht\u00ebm t\u00eb Vler\u00ebsimit, punonj\u00ebsit:<\/span><\/p>\n<ol>\n<li><span style=\"color: #000000;\">Elvira Dab\u00ebrdaku, inspektor<\/span><br \/>\n<span style=\"color: #000000;\"> 2. Adriana Meko, inspektor<\/span><br \/>\n<span style=\"color: #000000;\"> 3. Zamira Gjini, inspektor<\/span><br \/>\n<span style=\"color: #000000;\"> 4. Alban Laska, inspektor<\/span><br \/>\n<span style=\"color: #000000;\"> 5. Besnik Hodo, inspektor<\/span><\/li>\n<\/ol>\n<p><span style=\"color: #000000;\">An\u00ebtar\u00eb z\u00ebvend\u00ebsues jan\u00eb:<\/span><\/p>\n<ol>\n<li><span style=\"color: #000000;\">Dhimitrulla Spiro, inspektor<\/span><br \/>\n<span style=\"color: #000000;\"> 2. Vjollca Ko\u00e7ollari, inspektor<\/span><\/li>\n<\/ol>\n<p>&nbsp;<\/p>\n","protected":false,"gt_translate_keys":[{"key":"rendered","format":"html"}]},"excerpt":{"rendered":"<p>&nbsp; Jan\u00eb p\u00ebrzgjidhur an\u00ebtar\u00ebt e komisionit t\u00eb jasht\u00ebm t\u00eb vler\u00ebsimit dhe sekretariatit teknik p\u00ebr vettingun n\u00eb polici, Gard\u00eb e SH\u00c7BA. Ministria e Brendshme ka publikuar emrat e p\u00ebrzgjedhur mes kandidaturave, q\u00eb do t\u00eb kryejn\u00eb Vetingun n\u00eb Polici, Gard\u00eb dhe SH\u00c7BA. T\u00cb ZGJEDHURIT Bordi i P\u00ebrzgjedhjes, n\u00eb mb\u00ebshtetje t\u00eb nenit 9, 10, t\u00eb ligjit nr.12\/2018 \u201cP\u00ebr [&hellip;]<\/p>\n","protected":false,"gt_translate_keys":[{"key":"rendered","format":"html"}]},"author":30,"featured_media":260107,"comment_status":"open","ping_status":"open","sticky":false,"template":"","format":"standard","meta":{"footnotes":""},"categories":[65,13],"tags":[],"class_list":["post-272900","post","type-post","status-publish","format-standard","has-post-thumbnail","hentry","category-lajme","category-te-fundit"],"gt_translate_keys":[{"key":"link","format":"url"}],"_links":{"self":[{"href":"https:\/\/www.hashtag.al\/index.php\/wp-json\/wp\/v2\/posts\/272900","targetHints":{"allow":["GET"]}}],"collection":[{"href":"https:\/\/www.hashtag.al\/index.php\/wp-json\/wp\/v2\/posts"}],"about":[{"href":"https:\/\/www.hashtag.al\/index.php\/wp-json\/wp\/v2\/types\/post"}],"author":[{"embeddable":true,"href":"https:\/\/www.hashtag.al\/index.php\/wp-json\/wp\/v2\/users\/30"}],"replies":[{"embeddable":true,"href":"https:\/\/www.hashtag.al\/index.php\/wp-json\/wp\/v2\/comments?post=272900"}],"version-history":[{"count":0,"href":"https:\/\/www.hashtag.al\/index.php\/wp-json\/wp\/v2\/posts\/272900\/revisions"}],"wp:featuredmedia":[{"embeddable":true,"href":"https:\/\/www.hashtag.al\/index.php\/wp-json\/wp\/v2\/media\/260107"}],"wp:attachment":[{"href":"https:\/\/www.hashtag.al\/index.php\/wp-json\/wp\/v2\/media?parent=272900"}],"wp:term":[{"taxonomy":"category","embeddable":true,"href":"https:\/\/www.hashtag.al\/index.php\/wp-json\/wp\/v2\/categories?post=272900"},{"taxonomy":"post_tag","embeddable":true,"href":"https:\/\/www.hashtag.al\/index.php\/wp-json\/wp\/v2\/tags?post=272900"}],"curies":[{"name":"wp","href":"https:\/\/api.w.org\/{rel}","templated":true}]}}