{"id":272761,"date":"2019-02-08T15:30:01","date_gmt":"2019-02-08T14:30:01","guid":{"rendered":"https:\/\/hashtag.al\/?p=272761"},"modified":"2019-02-08T15:20:23","modified_gmt":"2019-02-08T14:20:23","slug":"komisioneri-publik-ankimon-vendimin-e-kpk-se-per-anetarin-e-klp-se-besnik-cani","status":"publish","type":"post","link":"https:\/\/www.hashtag.al\/index.php\/2019\/02\/08\/komisioneri-publik-ankimon-vendimin-e-kpk-se-per-anetarin-e-klp-se-besnik-cani\/","title":{"rendered":"Komisioneri Publik ankimon vendimin e KPK-s\u00eb p\u00ebr an\u00ebtarin e KLP-s\u00eb, Besnik Cani","gt_translate_keys":[{"key":"rendered","format":"text"}]},"content":{"rendered":"<p><img loading=\"lazy\" decoding=\"async\" class=\"aligncenter size-full wp-image-272762\" src=\"https:\/\/hashtag.al\/wp-content\/uploads\/2019\/02\/cani.jpeg\" alt=\"\" width=\"780\" height=\"440\" srcset=\"https:\/\/www.hashtag.al\/wp-content\/uploads\/2019\/02\/cani.jpeg 780w, https:\/\/www.hashtag.al\/wp-content\/uploads\/2019\/02\/cani-300x169.jpeg 300w, https:\/\/www.hashtag.al\/wp-content\/uploads\/2019\/02\/cani-768x433.jpeg 768w\" sizes=\"auto, (max-width: 780px) 100vw, 780px\" \/><\/p>\n<p><span style=\"color: #000000;\">Komisioneri Publik ka ankimuar vendimin e KPK-s\u00eb, p\u00ebr prokurorin, Besnik Cani.\u00a0 <\/span><\/p>\n<p><span style=\"color: #000000;\">Cani u konfirmua n\u00eb detyr\u00eb nga KPK m\u00eb 27 n\u00ebntor t\u00eb 2018-\u00ebs dhe \u00ebsht\u00eb aktualisht an\u00ebtar i K\u00ebshillit t\u00eb Lart\u00eb t\u00eb Prokuroris\u00eb.<\/span><\/p>\n<p><span style=\"color: #000000;\">Ai njihet si person i af\u00ebrt me Kryeprokuroren e p\u00ebrkohshme, Arta Marku, pasi ka qen\u00eb k\u00ebshilltar i saj.<\/span><\/p>\n<p><span style=\"color: #000000;\"><strong>Njoftimi i Komisionerit Publik<\/strong><\/span><\/p>\n<p><span style=\"color: #000000;\">Komisioneri Publik, brenda afatit ligjor, ushtroi ankim n\u00eb Kolegjin e Posa\u00e7\u00ebm t\u00eb Apelimit, pran\u00eb Gjykat\u00ebs Kushtetuese, kund\u00ebr vendimit nr. 84, dat\u00eb 27.11.2018, t\u00eb Komisionit t\u00eb Pavarur t\u00eb Kualifikimit, p\u00ebr subjektin e rivler\u00ebsimit z. Besnik Cani, magjistrat\/prokuror n\u00eb Prokurorin\u00eb pran\u00eb Gjykat\u00ebs s\u00eb Shkall\u00ebs s\u00eb Par\u00eb Elbasan, aktualisht an\u00ebtar i K\u00ebshillit t\u00eb Lart\u00eb t\u00eb Prokuroris\u00eb.<\/span><\/p>\n<p><span style=\"color: #000000;\">Komisioneri Publik, pasi shqyrtoi vendimin e m\u00ebsip\u00ebrm t\u00eb Komisionit t\u00eb Pavarur t\u00eb Kualifikimit, si dhe mori n\u00eb konsiderat\u00eb rekomandimin e paraqitur nga Operacioni Nd\u00ebrkomb\u00ebtar i Monitorimit p\u00ebr t\u00eb paraqitur ankim, vler\u00ebson se, bazuar n\u00eb provat dhe faktet e administruara nga Komisioni i Pavarur i Kualifikimit, subjekti i rivler\u00ebsimit, z. Besnik Cani, nuk plot\u00ebson kushtet p\u00ebr konfirmimin n\u00eb detyr\u00eb.<\/span><\/p>\n<p><span style=\"color: #000000;\">N\u00ebp\u00ebrmjet k\u00ebtij ankimi, Komisioneri Publik k\u00ebrkon nga Kolegji i Posa\u00e7\u00ebm i Apelimit t\u00eb marr\u00eb n\u00eb shqyrtim \u00e7\u00ebshtjen n\u00eb seanc\u00eb publike dhe, n\u00eb p\u00ebrfundim t\u00eb gjykimit, t\u00eb ndryshoj\u00eb vendimin nr. 84, dat\u00eb 27.11.2018, t\u00eb Komisionit t\u00eb Pavarur t\u00eb Kualifikimit, duke vendosur shkarkimin nga detyra t\u00eb subjektit t\u00eb rivler\u00ebsimit, z. Besnik Cani.<\/span><\/p>\n<p><span style=\"color: #000000;\">Mb\u00ebshtetur n\u00eb pik\u00ebn 1, t\u00eb nenit 16 t\u00eb rregullores s\u00eb Institucionit t\u00eb Komisioner\u00ebve Publik\u00eb, ankimi \u00ebsht\u00eb publikuar n\u00eb faqen zyrtare t\u00eb k\u00ebtij institucioni: www.ikp.al<\/span><\/p>\n<p><span style=\"color: #000000;\">Institucioni i Komisioner\u00ebve Publik\u00eb \u00ebsht\u00eb ngritur dhe funksionon n\u00eb baz\u00eb t\u00eb nenit 179\/b dhe aneksit t\u00eb Kushtetut\u00ebs s\u00eb Republik\u00ebs s\u00eb Shqip\u00ebris\u00eb, dhe ligjit nr. 84\/2016, \u201cP\u00ebr rivler\u00ebsimin kalimtar t\u00eb gjyqtar\u00ebve dhe prokuror\u00ebve n\u00eb Republik\u00ebn e Shqip\u00ebris\u00eb\u201d.<\/span><\/p>\n<p><span style=\"color: #000000;\">Komisioner\u00ebt Publik\u00eb p\u00ebrfaq\u00ebsojn\u00eb interesin publik gjat\u00eb procesit t\u00eb rivler\u00ebsimit kalimtar t\u00eb gjyqtar\u00ebve dhe prokuror\u00ebve n\u00eb Republik\u00ebn e Shqip\u00ebris\u00eb.<\/span><\/p>\n","protected":false,"gt_translate_keys":[{"key":"rendered","format":"html"}]},"excerpt":{"rendered":"<p>Komisioneri Publik ka ankimuar vendimin e KPK-s\u00eb, p\u00ebr prokurorin, Besnik Cani.\u00a0 Cani u konfirmua n\u00eb detyr\u00eb nga KPK m\u00eb 27 n\u00ebntor t\u00eb 2018-\u00ebs dhe \u00ebsht\u00eb aktualisht an\u00ebtar i K\u00ebshillit t\u00eb Lart\u00eb t\u00eb Prokuroris\u00eb. Ai njihet si person i af\u00ebrt me Kryeprokuroren e p\u00ebrkohshme, Arta Marku, pasi ka qen\u00eb k\u00ebshilltar i saj. Njoftimi i Komisionerit Publik [&hellip;]<\/p>\n","protected":false,"gt_translate_keys":[{"key":"rendered","format":"html"}]},"author":51,"featured_media":272762,"comment_status":"open","ping_status":"open","sticky":false,"template":"","format":"standard","meta":{"footnotes":""},"categories":[65,13],"tags":[],"class_list":["post-272761","post","type-post","status-publish","format-standard","has-post-thumbnail","hentry","category-lajme","category-te-fundit"],"gt_translate_keys":[{"key":"link","format":"url"}],"_links":{"self":[{"href":"https:\/\/www.hashtag.al\/index.php\/wp-json\/wp\/v2\/posts\/272761","targetHints":{"allow":["GET"]}}],"collection":[{"href":"https:\/\/www.hashtag.al\/index.php\/wp-json\/wp\/v2\/posts"}],"about":[{"href":"https:\/\/www.hashtag.al\/index.php\/wp-json\/wp\/v2\/types\/post"}],"author":[{"embeddable":true,"href":"https:\/\/www.hashtag.al\/index.php\/wp-json\/wp\/v2\/users\/51"}],"replies":[{"embeddable":true,"href":"https:\/\/www.hashtag.al\/index.php\/wp-json\/wp\/v2\/comments?post=272761"}],"version-history":[{"count":0,"href":"https:\/\/www.hashtag.al\/index.php\/wp-json\/wp\/v2\/posts\/272761\/revisions"}],"wp:featuredmedia":[{"embeddable":true,"href":"https:\/\/www.hashtag.al\/index.php\/wp-json\/wp\/v2\/media\/272762"}],"wp:attachment":[{"href":"https:\/\/www.hashtag.al\/index.php\/wp-json\/wp\/v2\/media?parent=272761"}],"wp:term":[{"taxonomy":"category","embeddable":true,"href":"https:\/\/www.hashtag.al\/index.php\/wp-json\/wp\/v2\/categories?post=272761"},{"taxonomy":"post_tag","embeddable":true,"href":"https:\/\/www.hashtag.al\/index.php\/wp-json\/wp\/v2\/tags?post=272761"}],"curies":[{"name":"wp","href":"https:\/\/api.w.org\/{rel}","templated":true}]}}