{"id":272667,"date":"2019-02-08T11:13:16","date_gmt":"2019-02-08T10:13:16","guid":{"rendered":"https:\/\/hashtag.al\/?p=272667"},"modified":"2019-02-08T11:16:33","modified_gmt":"2019-02-08T10:16:33","slug":"akuzat-per-korrupsion-tjeter-denim-per-ish-presidentin-e-brazilit","status":"publish","type":"post","link":"https:\/\/www.hashtag.al\/index.php\/2019\/02\/08\/akuzat-per-korrupsion-tjeter-denim-per-ish-presidentin-e-brazilit\/","title":{"rendered":"Akuzat p\u00ebr korrupsion, tjet\u00ebr d\u00ebnim p\u00ebr ish-presidentin e Brazilit","gt_translate_keys":[{"key":"rendered","format":"text"}]},"content":{"rendered":"<p><img loading=\"lazy\" decoding=\"async\" class=\"aligncenter size-full wp-image-272668\" src=\"https:\/\/hashtag.al\/wp-content\/uploads\/2019\/02\/lula8shkurt.jpg\" alt=\"\" width=\"640\" height=\"438\" srcset=\"https:\/\/www.hashtag.al\/wp-content\/uploads\/2019\/02\/lula8shkurt.jpg 640w, https:\/\/www.hashtag.al\/wp-content\/uploads\/2019\/02\/lula8shkurt-300x205.jpg 300w\" sizes=\"auto, (max-width: 640px) 100vw, 640px\" \/><\/p>\n<p><span style=\"color: #000000;\">Gjykata braziliane e ngarkuar me ndjekjet penale p\u00ebr skandalin e korrupsionit i njohur si &#8220;Operacioni Lavazhi i Makin\u00ebs&#8221; d\u00ebnoi t\u00eb m\u00ebrkur\u00ebn ish-presidentin brazilian, Luiz In\u00e1cio Lula da Silva, ish-kreun e Partia Socialiste t\u00eb Pun\u00ebtor\u00ebve me 12 vjet dhe 11 muaj burg, p\u00ebr p\u00ebrdorimin e kontraktor\u00ebve t\u00eb qeveris\u00eb p\u00ebr t\u00eb rinovuar nj\u00eb sht\u00ebpi pushimi n\u00eb pron\u00ebsi t\u00eb tij.<\/span><\/p>\n<p><span style=\"color: #000000;\">Lula, dikur udh\u00ebheq\u00ebs i gar\u00ebs presidenciale braziliane n\u00eb vitin 2018 pavar\u00ebsisht se ishte ndjekur penalisht p\u00ebr akuza korrupsioni, ka qen\u00eb n\u00eb burg q\u00eb nga prilli duke vuajtur nj\u00eb d\u00ebnim 12-vje\u00e7ar mbi p\u00ebrdorimin e fondeve publike p\u00ebr t\u00eb bler\u00eb nj\u00eb pron\u00eb luksoze n\u00eb breg t\u00eb detit, s\u00ebrish si pjes\u00eb e \u201cOperacionit Lavazhi i Makin\u00ebs\u201d.<\/span><\/p>\n<p><span style=\"color: #000000;\">Pavar\u00ebsisht se ishte burgosur q\u00eb nga prilli, Lula, 73 vje\u00e7, k\u00ebmb\u00ebnguli gjat\u00eb vitit 2018 se ishte nj\u00eb kandidat presidencial p\u00ebrkund\u00ebr nj\u00eb ligji brazilian q\u00eb ndalon politikan\u00ebt e d\u00ebnuar p\u00ebr korrupsion t\u00eb kandidojn\u00eb. N\u00ebse i vuan t\u00eb dy d\u00ebnimet, Lula do t\u00eb jet\u00eb 98 vje\u00e7 kur t\u00eb lirohet nga burgu.<\/span><\/p>\n","protected":false,"gt_translate_keys":[{"key":"rendered","format":"html"}]},"excerpt":{"rendered":"<p>Gjykata braziliane e ngarkuar me ndjekjet penale p\u00ebr skandalin e korrupsionit i njohur si &#8220;Operacioni Lavazhi i Makin\u00ebs&#8221; d\u00ebnoi t\u00eb m\u00ebrkur\u00ebn ish-presidentin brazilian, Luiz In\u00e1cio Lula da Silva, ish-kreun e Partia Socialiste t\u00eb Pun\u00ebtor\u00ebve me 12 vjet dhe 11 muaj burg, p\u00ebr p\u00ebrdorimin e kontraktor\u00ebve t\u00eb qeveris\u00eb p\u00ebr t\u00eb rinovuar nj\u00eb sht\u00ebpi pushimi n\u00eb pron\u00ebsi [&hellip;]<\/p>\n","protected":false,"gt_translate_keys":[{"key":"rendered","format":"html"}]},"author":51,"featured_media":272668,"comment_status":"open","ping_status":"open","sticky":false,"template":"","format":"standard","meta":{"footnotes":""},"categories":[6],"tags":[],"class_list":["post-272667","post","type-post","status-publish","format-standard","has-post-thumbnail","hentry","category-nderkombetare"],"gt_translate_keys":[{"key":"link","format":"url"}],"_links":{"self":[{"href":"https:\/\/www.hashtag.al\/index.php\/wp-json\/wp\/v2\/posts\/272667","targetHints":{"allow":["GET"]}}],"collection":[{"href":"https:\/\/www.hashtag.al\/index.php\/wp-json\/wp\/v2\/posts"}],"about":[{"href":"https:\/\/www.hashtag.al\/index.php\/wp-json\/wp\/v2\/types\/post"}],"author":[{"embeddable":true,"href":"https:\/\/www.hashtag.al\/index.php\/wp-json\/wp\/v2\/users\/51"}],"replies":[{"embeddable":true,"href":"https:\/\/www.hashtag.al\/index.php\/wp-json\/wp\/v2\/comments?post=272667"}],"version-history":[{"count":0,"href":"https:\/\/www.hashtag.al\/index.php\/wp-json\/wp\/v2\/posts\/272667\/revisions"}],"wp:featuredmedia":[{"embeddable":true,"href":"https:\/\/www.hashtag.al\/index.php\/wp-json\/wp\/v2\/media\/272668"}],"wp:attachment":[{"href":"https:\/\/www.hashtag.al\/index.php\/wp-json\/wp\/v2\/media?parent=272667"}],"wp:term":[{"taxonomy":"category","embeddable":true,"href":"https:\/\/www.hashtag.al\/index.php\/wp-json\/wp\/v2\/categories?post=272667"},{"taxonomy":"post_tag","embeddable":true,"href":"https:\/\/www.hashtag.al\/index.php\/wp-json\/wp\/v2\/tags?post=272667"}],"curies":[{"name":"wp","href":"https:\/\/api.w.org\/{rel}","templated":true}]}}