{"id":272513,"date":"2019-02-07T18:45:53","date_gmt":"2019-02-07T17:45:53","guid":{"rendered":"https:\/\/hashtag.al\/?p=272513"},"modified":"2019-02-07T18:32:47","modified_gmt":"2019-02-07T17:32:47","slug":"kpa-largon-nga-detyra-ish-gjyqtarin-e-larte-selimi","status":"publish","type":"post","link":"https:\/\/www.hashtag.al\/index.php\/2019\/02\/07\/kpa-largon-nga-detyra-ish-gjyqtarin-e-larte-selimi\/","title":{"rendered":"KPA largon nga detyra ish-gjyqtarin e lart\u00eb Selimi","gt_translate_keys":[{"key":"rendered","format":"text"}]},"content":{"rendered":"<p><img loading=\"lazy\" decoding=\"async\" class=\"aligncenter  wp-image-219424\" src=\"https:\/\/hashtag.al\/wp-content\/uploads\/2018\/07\/shkelzen-selimi.jpg\" alt=\"\" width=\"514\" height=\"308\" \/><\/p>\n<p><span style=\"color: #000000;\"><span style=\"color: #000080;\"><a style=\"color: #000080;\" href=\"http:\/\/www.kpa.al\/event\/njoftim-vendimi-4\/\">Kolegji i Posa\u00e7\u00ebm i Apelimit<\/a> <\/span>ka shkarkuar sot me vota unanime, ish-gjyqtarin e lart\u00eb Shk\u00eblzen Selimi, pasi la n\u00eb fuqi vendimin p\u00ebr largimin e tij nga drejt\u00ebsia dh\u00ebn\u00eb gjat\u00eb ver\u00ebs nga Komisioni i Pavarur i Kualfikimit.<\/span><\/p>\n<p><span style=\"color: #000000;\">Vendimi nga KPA, u deklarua nga kryesuesi Sokol \u00c7omo, relatore ish-prokuroren e p\u00ebrgjithshme Ina Rama dhe an\u00ebtare Albana Shtylla, Natasha Mulaj, Rezarta Schuetz.<\/span><\/p>\n<p><span style=\"color: #000000;\"><strong>Njoftimi i plot\u00eb:<\/strong><\/span><\/p>\n<p><span style=\"color: #000000;\">Trupi gjykues i\u00a0Kolegjit t\u00eb\u00a0Posa\u00e7\u00ebm t\u00eb\u00a0Apelimit\u00a0kryesuar nga Sokol \u00c7omo, Ina Rama relatore, Albana Shtylla, Natasha Mulaj, Rezarta Schuetz an\u00ebtar\u00eb, sot,\u00a0m\u00eb\u00a0dat\u00eb 07.02.2019,\u00a0shqyrtoi n\u00eb dhom\u00eb k\u00ebshillimi, \u00e7\u00ebshtjen (JR) nr.19\/2018, dat\u00eb 11.10.2018 q\u00eb i p\u00ebrket ankimit t\u00eb subjektit t\u00eb rivler\u00ebsimit Shk\u00eblzen Selimi,\u00a0kund\u00ebr vendimit nr. 52, dat\u00eb 30.07.2018\u00a0t\u00eb Komisionit t\u00eb Pavarur t\u00eb Kualifikimit.<\/span><\/p>\n<p><span style=\"color: #000000;\">Trupi gjykues, mb\u00ebshtetur n\u00eb faktet e provuara n\u00eb gjykim, n\u00eb zbatim t\u00eb nenit Dh pika 3 e 4 t\u00eb Aneksit t\u00eb Kushtetut\u00ebs dhe t\u00eb neneve 61 pika 2 e 3 dhe 66 pika 1, germa \u201ca\u201d t\u00eb ligjit nr.84\/2016 vendosi unanimisht:<\/span><\/p>\n<ul>\n<li><span style=\"color: #000000;\">L\u00ebnien n\u00eb fuqi t\u00eb vendimit nr. 52, dat\u00eb 30.07.2018, t\u00eb Komisionit t\u00eb Pavarur t\u00eb Kualifikimit q\u00eb i p\u00ebrket subjektit t\u00eb rivler\u00ebsimit Shk\u00eblzen Selimi.<\/span><\/li>\n<li><span style=\"color: #000000;\">Ky vendim \u00ebsht\u00eb p\u00ebrfundimtar dhe ka efekt t\u00eb menj\u00ebhersh\u00ebm.<\/span><\/li>\n<li><span style=\"color: #000000;\">U shpall n\u00eb Tiran\u00eb, sot, m\u00eb dat\u00eb 07.02.2019.<\/span><\/li>\n<\/ul>\n<p>&nbsp;<\/p>\n","protected":false,"gt_translate_keys":[{"key":"rendered","format":"html"}]},"excerpt":{"rendered":"<p>Kolegji i Posa\u00e7\u00ebm i Apelimit ka shkarkuar sot me vota unanime, ish-gjyqtarin e lart\u00eb Shk\u00eblzen Selimi, pasi la n\u00eb fuqi vendimin p\u00ebr largimin e tij nga drejt\u00ebsia dh\u00ebn\u00eb gjat\u00eb ver\u00ebs nga Komisioni i Pavarur i Kualfikimit. Vendimi nga KPA, u deklarua nga kryesuesi Sokol \u00c7omo, relatore ish-prokuroren e p\u00ebrgjithshme Ina Rama dhe an\u00ebtare Albana Shtylla, [&hellip;]<\/p>\n","protected":false,"gt_translate_keys":[{"key":"rendered","format":"html"}]},"author":32,"featured_media":272514,"comment_status":"open","ping_status":"open","sticky":false,"template":"","format":"standard","meta":{"footnotes":""},"categories":[65,13],"tags":[],"class_list":["post-272513","post","type-post","status-publish","format-standard","has-post-thumbnail","hentry","category-lajme","category-te-fundit"],"gt_translate_keys":[{"key":"link","format":"url"}],"_links":{"self":[{"href":"https:\/\/www.hashtag.al\/index.php\/wp-json\/wp\/v2\/posts\/272513","targetHints":{"allow":["GET"]}}],"collection":[{"href":"https:\/\/www.hashtag.al\/index.php\/wp-json\/wp\/v2\/posts"}],"about":[{"href":"https:\/\/www.hashtag.al\/index.php\/wp-json\/wp\/v2\/types\/post"}],"author":[{"embeddable":true,"href":"https:\/\/www.hashtag.al\/index.php\/wp-json\/wp\/v2\/users\/32"}],"replies":[{"embeddable":true,"href":"https:\/\/www.hashtag.al\/index.php\/wp-json\/wp\/v2\/comments?post=272513"}],"version-history":[{"count":0,"href":"https:\/\/www.hashtag.al\/index.php\/wp-json\/wp\/v2\/posts\/272513\/revisions"}],"wp:featuredmedia":[{"embeddable":true,"href":"https:\/\/www.hashtag.al\/index.php\/wp-json\/wp\/v2\/media\/272514"}],"wp:attachment":[{"href":"https:\/\/www.hashtag.al\/index.php\/wp-json\/wp\/v2\/media?parent=272513"}],"wp:term":[{"taxonomy":"category","embeddable":true,"href":"https:\/\/www.hashtag.al\/index.php\/wp-json\/wp\/v2\/categories?post=272513"},{"taxonomy":"post_tag","embeddable":true,"href":"https:\/\/www.hashtag.al\/index.php\/wp-json\/wp\/v2\/tags?post=272513"}],"curies":[{"name":"wp","href":"https:\/\/api.w.org\/{rel}","templated":true}]}}