{"id":272389,"date":"2019-02-07T11:44:06","date_gmt":"2019-02-07T10:44:06","guid":{"rendered":"https:\/\/hashtag.al\/?p=272389"},"modified":"2019-02-07T11:50:32","modified_gmt":"2019-02-07T10:50:32","slug":"policet-nderhyjne-te-filologjiku-mark-marku-do-i-cojme-ne-gjykate-video","status":"publish","type":"post","link":"https:\/\/www.hashtag.al\/index.php\/2019\/02\/07\/policet-nderhyjne-te-filologjiku-mark-marku-do-i-cojme-ne-gjykate-video\/","title":{"rendered":"Polic\u00ebt nd\u00ebrhyjn\u00eb te Filologjiku, Mark Marku: Do i \u00e7ojm\u00eb n\u00eb gjykat\u00eb! (VIDEO)","gt_translate_keys":[{"key":"rendered","format":"text"}]},"content":{"rendered":"<p><span style=\"color: #000000;\"><img loading=\"lazy\" decoding=\"async\" class=\"aligncenter size-full wp-image-272395\" src=\"https:\/\/hashtag.al\/wp-content\/uploads\/2019\/02\/MARKUUU.jpg\" alt=\"\" width=\"2000\" height=\"1000\" srcset=\"https:\/\/www.hashtag.al\/wp-content\/uploads\/2019\/02\/MARKUUU.jpg 2000w, https:\/\/www.hashtag.al\/wp-content\/uploads\/2019\/02\/MARKUUU-300x150.jpg 300w, https:\/\/www.hashtag.al\/wp-content\/uploads\/2019\/02\/MARKUUU-768x384.jpg 768w, https:\/\/www.hashtag.al\/wp-content\/uploads\/2019\/02\/MARKUUU-1024x512.jpg 1024w\" sizes=\"auto, (max-width: 2000px) 100vw, 2000px\" \/><\/span><\/p>\n<p><span style=\"color: #000000;\">Policia ka hyr\u00eb sot n\u00eb ambientet e Fakultetit t\u00eb Historis\u00eb dhe Filologjis\u00eb, duke k\u00ebrc\u00ebnuar student\u00ebt t\u00eb ndalin protest\u00ebn e tyre.<\/span><\/p>\n<p><span style=\"color: #000000;\">Drejtuesi i Departamentit t\u00eb Gazetaris\u00eb Mark Marku u q\u00ebndroi n\u00eb krah student\u00ebve, nd\u00ebrsa filmoi edhe polic\u00ebt.<\/span><\/p>\n<p><span style=\"color: #000000;\">N\u00eb nj\u00eb lidhje t\u00eb drejtp\u00ebrdrejt me &#8220;FaxNews&#8221;, Marku tha se polic\u00ebt nug nguruan t\u00eb hyn\u00eb, pavar\u00ebsisht se ai i paralajm\u00ebroi se kjo \u00ebsht\u00eb e kundraligjshme.<\/span><\/p>\n<p><span style=\"color: #000000;\"><em>\u201cThan\u00eb q\u00eb ishin k\u00ebtu p\u00ebr t\u00eb ruajtur qet\u00ebsin\u00eb dhe rendin, dhe un\u00eb i thash\u00eb q\u00eb \u00ebsht\u00eb shum\u00eb e qart\u00eb se ndalohet hyrja e policis\u00eb n\u00eb ambientet universitare. Situata ishte shum\u00eb e qet\u00eb, e b\u00ebjn\u00eb p\u00ebr t\u00eb hequr v\u00ebmendjen nga protesta. S&#8217;ka pasur asnj\u00eb arsye q\u00eb t\u00eb ishin k\u00ebtu.<\/em><\/span><\/p>\n<p><span style=\"color: #000000;\"><em>Asambleja u mblodh dje dhe u vendos q\u00eb kjo jav\u00eb t\u00eb jet\u00eb jav\u00eb proteste, dhe n\u00eb rast t\u00eb mosreagimit nga qeveria edhe jav\u00ebn e ardhshme dhe n\u00eb vijim do t\u00eb kemi nj\u00eb dit\u00eb t\u00eb caktuar q\u00eb t\u00eb protestojm\u00eb. Ne nuk iu b\u00ebjm\u00eb presion student\u00ebve, dhe ata mund t\u00eb vijojn\u00eb me protest\u00ebn e tyre.&#8221;, tha Marku.<\/em><\/span><\/p>\n<p><span style=\"color: #000000;\">M\u00eb tej, shefi i Departamentit t\u00eb Gazetaris\u00eb tha se q\u00eb sot do marrin nj\u00eb nism\u00eb ligjore kund\u00ebr policis\u00eb.<\/span><\/p>\n<p><span style=\"color: #000000;\"><em>&#8220;Gjendja po r\u00ebndohet gjithnj\u00eb e m\u00eb shum\u00eb, problematika zgjidhet dhe asgj\u00eb nuk \u00ebsht\u00eb zgjidhur, qysh sot do marrim nism\u00ebn ligjore n\u00eb drejtim t\u00eb efektiv\u00ebve t\u00eb policis\u00eb q\u00eb hyn\u00eb n\u00eb ambientet e Fakultetit. \u00cbsht\u00eb absurde, mund t\u00eb frik\u00ebsohen f\u00ebmij\u00ebt me polic\u00ebt, \u00ebsht\u00eb qesharake fare. Po b\u00ebhen t\u00eb rreziksh\u00ebm n\u00eb momentin q\u00eb shkelin ligjin\u201d,\u00a0<\/em>tha pedagogu.<\/span><\/p>\n<p><span style=\"color: #000000;\"><em>&#8220;I kemi filmuar t\u00eb gjitha. Do ta \u00e7ojm\u00eb rastin n\u00eb gjykat\u00eb dhe te Avokati i Popullit. Fshiheshin pas mureve q\u00eb mos t&#8217;u dilnin fytyrat, ky \u00ebsht\u00eb imazhi i policis\u00eb s\u00eb Sand\u00ebr Lleshajt?\u201d<\/em>, jan\u00eb fjal\u00ebt e Markut.<\/span><\/p>\n<p><span style=\"color: #000000;\">Polic\u00ebt hyn\u00eb n\u00eb Fakultet p\u00ebr t\u00eb inspektuar dhe u raportuan epror\u00ebve se po zhvillohej m\u00ebsim, kur n\u00eb fakt nuk po zhvillohej m\u00ebsim. <strong>\/Hashtag.al<\/strong><\/span><\/p>\n<p>&nbsp;<\/p>\n<p><span style=\"color: #000000;\"><img loading=\"lazy\" decoding=\"async\" class=\"aligncenter size-full wp-image-272391\" src=\"https:\/\/hashtag.al\/wp-content\/uploads\/2019\/02\/MARKU.png\" alt=\"\" width=\"1102\" height=\"457\" srcset=\"https:\/\/www.hashtag.al\/wp-content\/uploads\/2019\/02\/MARKU.png 1102w, https:\/\/www.hashtag.al\/wp-content\/uploads\/2019\/02\/MARKU-300x124.png 300w, https:\/\/www.hashtag.al\/wp-content\/uploads\/2019\/02\/MARKU-768x318.png 768w, https:\/\/www.hashtag.al\/wp-content\/uploads\/2019\/02\/MARKU-1024x425.png 1024w\" sizes=\"auto, (max-width: 1102px) 100vw, 1102px\" \/><\/span><\/p>\n<div style=\"width: 640px;\" class=\"wp-video\"><video class=\"wp-video-shortcode\" id=\"video-272389-1\" width=\"640\" height=\"352\" preload=\"metadata\" controls=\"controls\"><source type=\"video\/mp4\" src=\"https:\/\/hashtag.al\/wp-content\/uploads\/2019\/02\/video.mp4?_=1\" \/><a href=\"https:\/\/hashtag.al\/wp-content\/uploads\/2019\/02\/video.mp4\">https:\/\/hashtag.al\/wp-content\/uploads\/2019\/02\/video.mp4<\/a><\/video><\/div>\n","protected":false,"gt_translate_keys":[{"key":"rendered","format":"html"}]},"excerpt":{"rendered":"<p>Policia ka hyr\u00eb sot n\u00eb ambientet e Fakultetit t\u00eb Historis\u00eb dhe Filologjis\u00eb, duke k\u00ebrc\u00ebnuar student\u00ebt t\u00eb ndalin protest\u00ebn e tyre. Drejtuesi i Departamentit t\u00eb Gazetaris\u00eb Mark Marku u q\u00ebndroi n\u00eb krah student\u00ebve, nd\u00ebrsa filmoi edhe polic\u00ebt. N\u00eb nj\u00eb lidhje t\u00eb drejtp\u00ebrdrejt me &#8220;FaxNews&#8221;, Marku tha se polic\u00ebt nug nguruan t\u00eb hyn\u00eb, pavar\u00ebsisht se ai i [&hellip;]<\/p>\n","protected":false,"gt_translate_keys":[{"key":"rendered","format":"html"}]},"author":30,"featured_media":272395,"comment_status":"open","ping_status":"open","sticky":false,"template":"","format":"standard","meta":{"footnotes":""},"categories":[22,65,13],"tags":[],"class_list":["post-272389","post","type-post","status-publish","format-standard","has-post-thumbnail","hentry","category-ballina","category-lajme","category-te-fundit"],"gt_translate_keys":[{"key":"link","format":"url"}],"_links":{"self":[{"href":"https:\/\/www.hashtag.al\/index.php\/wp-json\/wp\/v2\/posts\/272389","targetHints":{"allow":["GET"]}}],"collection":[{"href":"https:\/\/www.hashtag.al\/index.php\/wp-json\/wp\/v2\/posts"}],"about":[{"href":"https:\/\/www.hashtag.al\/index.php\/wp-json\/wp\/v2\/types\/post"}],"author":[{"embeddable":true,"href":"https:\/\/www.hashtag.al\/index.php\/wp-json\/wp\/v2\/users\/30"}],"replies":[{"embeddable":true,"href":"https:\/\/www.hashtag.al\/index.php\/wp-json\/wp\/v2\/comments?post=272389"}],"version-history":[{"count":0,"href":"https:\/\/www.hashtag.al\/index.php\/wp-json\/wp\/v2\/posts\/272389\/revisions"}],"wp:featuredmedia":[{"embeddable":true,"href":"https:\/\/www.hashtag.al\/index.php\/wp-json\/wp\/v2\/media\/272395"}],"wp:attachment":[{"href":"https:\/\/www.hashtag.al\/index.php\/wp-json\/wp\/v2\/media?parent=272389"}],"wp:term":[{"taxonomy":"category","embeddable":true,"href":"https:\/\/www.hashtag.al\/index.php\/wp-json\/wp\/v2\/categories?post=272389"},{"taxonomy":"post_tag","embeddable":true,"href":"https:\/\/www.hashtag.al\/index.php\/wp-json\/wp\/v2\/tags?post=272389"}],"curies":[{"name":"wp","href":"https:\/\/api.w.org\/{rel}","templated":true}]}}