{"id":272385,"date":"2019-02-07T11:33:39","date_gmt":"2019-02-07T10:33:39","guid":{"rendered":"https:\/\/hashtag.al\/?p=272385"},"modified":"2019-02-07T11:33:39","modified_gmt":"2019-02-07T10:33:39","slug":"studentet-kerkese-dekanit-laci-duam-garanci-nga-ju","status":"publish","type":"post","link":"https:\/\/www.hashtag.al\/index.php\/2019\/02\/07\/studentet-kerkese-dekanit-laci-duam-garanci-nga-ju\/","title":{"rendered":"Student\u00ebt k\u00ebrkes\u00eb dekanit La\u00e7i: Duam garanci nga ju!","gt_translate_keys":[{"key":"rendered","format":"text"}]},"content":{"rendered":"<p><img loading=\"lazy\" decoding=\"async\" class=\"aligncenter size-full wp-image-272387\" src=\"https:\/\/hashtag.al\/wp-content\/uploads\/2019\/02\/FHF.jpg\" alt=\"\" width=\"960\" height=\"720\" srcset=\"https:\/\/www.hashtag.al\/wp-content\/uploads\/2019\/02\/FHF.jpg 960w, https:\/\/www.hashtag.al\/wp-content\/uploads\/2019\/02\/FHF-300x225.jpg 300w, https:\/\/www.hashtag.al\/wp-content\/uploads\/2019\/02\/FHF-768x576.jpg 768w\" sizes=\"auto, (max-width: 960px) 100vw, 960px\" \/><\/p>\n<p><span style=\"color: #000000;\">Student\u00ebt e Histori-Filologjikut i kan\u00eb nisur nj\u00eb k\u00ebrkes\u00eb dekanit t\u00eb tyre Sabri La\u00e7it, nj\u00eb dit\u00eb pas deklarat\u00ebs s\u00eb tij se protesta e pedagog\u00ebve do ndryshoj\u00eb form\u00eb duke pezulluar m\u00ebsimin vet\u00ebm nj\u00eb dit\u00eb n\u00eb jav\u00eb.<\/span><\/p>\n<p><span style=\"color: #000000;\">N\u00eb let\u00ebr-k\u00ebrkes\u00ebn e tyre, student\u00ebt i k\u00ebrkojn\u00eb dekanit t\u00eb Historis\u00eb dhe Filologjis\u00eb garanci p\u00ebr vijimin e protest\u00ebs studentore.<\/span><\/p>\n<p><span style=\"color: #000000;\">Po ashtu ata k\u00ebrkojn\u00eb garanci se nuk do ta humbasin vitin shkollor si dhe barazi n\u00eb sezonin e provimeve, me student\u00ebt e tjer\u00eb q\u00eb do t\u00eb zgjedhin t\u00eb nisin m\u00ebsimin.<\/span><\/p>\n<p><strong><span style=\"color: #000000;\">K\u00cbRKESA<\/span><\/strong><\/p>\n<p><span style=\"color: #000000;\">Dekanit t\u00eb fakultetit t\u00eb Historis\u00eb dhe Filologjis\u00eb, Prof. dr. Sabri La\u00e7i,<\/span><br \/>\n<span style=\"color: #000000;\"> Student\u00ebt e fakultetit t\u00eb Historis\u00eb dhe Filologjis\u00eb, n\u00eb p\u00ebrkat\u00ebsi t\u00eb \u00e7do departamenti dhe viti arsimor n\u00eb fakultet k\u00ebrkojn\u00eb nga dekanati i k\u00ebtij fakulteti garantimin e t\u00eb drejt\u00ebs themelore t\u00eb student\u00ebve, at\u00eb p\u00ebr t\u00eb protestuar.<\/span><br \/>\n<span style=\"color: #000000;\"> Nisur nga ngjarjet aspak t\u00eb k\u00ebndshme q\u00eb kan\u00eb ndodhur n\u00eb hap\u00ebsir\u00ebn e Fakultetit t\u00eb Historis\u00eb dhe Filologjis\u00eb, presionit t\u00eb disa prej pedagog\u00ebve n\u00eb k\u00ebt\u00eb institucion, vendimeve konfuze t\u00eb Asambles\u00eb dhe segmenteve t\u00eb caktuara brenda student\u00ebve, t\u00eb cil\u00ebt kan\u00eb shp\u00ebrndar\u00eb dezinformim n\u00eb mas\u00ebn e gjer\u00eb, ne k\u00ebrkojm\u00eb:<\/span><\/p>\n<ol>\n<li><span style=\"color: #000000;\">Mosnjohje t\u00eb asnj\u00eb mase disiplinore ndaj student\u00ebve nisur nga data 5 dhjetor dhe n\u00eb vazhdim.<\/span><\/li>\n<li><span style=\"color: #000000;\">Garantim t\u00eb barazis\u00eb mes student\u00ebve q\u00eb zgjedhin t\u00eb bojkotojn\u00eb m\u00ebsimin deri n\u00eb plot\u00ebsim t\u00eb kushteve t\u00eb panegociueshme dhe student\u00ebve q\u00eb zgjedhin t\u00eb frekuentojn\u00eb m\u00ebsimin.<\/span><\/li>\n<li><span style=\"color: #000000;\">Student\u00ebt, t\u00eb ashtuquajturit \u201cstudent\u00eb t\u00eb bojkotit\u201d t\u00eb trajtohen t\u00eb barabart\u00eb n\u00eb sezonin e provimeve, ashtu si edhe ata q\u00eb zgjedhin frekuentimin e m\u00ebsimit n\u00eb periudh\u00ebn n\u00eb vazhdim, pa asnj\u00eb penalizim.<\/span><\/li>\n<li><span style=\"color: #000000;\">[UNANIMISHT] Garanci nga Dekanati i fakultetit ton\u00eb p\u00ebr mos-djegie t\u00eb vitit akademik 2018-2019 dhe p\u00ebrfundim t\u00eb k\u00ebtij viti akademik deri n\u00eb 31 korrik 2019.<\/span><\/li>\n<\/ol>\n<p><span style=\"color: #000000;\">Duke Ju falenderuar p\u00ebr mir\u00ebkuptimin, presim nj\u00eb vendimin dekanati lidhur me k\u00ebto \u00e7\u00ebshtje sa m\u00eb shpejt t\u00eb jet\u00eb e mundur.<\/span><\/p>\n<p><img loading=\"lazy\" decoding=\"async\" class=\"aligncenter size-full wp-image-272386\" src=\"https:\/\/hashtag.al\/wp-content\/uploads\/2019\/02\/FHF-2.jpg\" alt=\"\" width=\"960\" height=\"720\" srcset=\"https:\/\/www.hashtag.al\/wp-content\/uploads\/2019\/02\/FHF-2.jpg 960w, https:\/\/www.hashtag.al\/wp-content\/uploads\/2019\/02\/FHF-2-300x225.jpg 300w, https:\/\/www.hashtag.al\/wp-content\/uploads\/2019\/02\/FHF-2-768x576.jpg 768w\" sizes=\"auto, (max-width: 960px) 100vw, 960px\" \/><\/p>\n<p>&nbsp;<\/p>\n","protected":false,"gt_translate_keys":[{"key":"rendered","format":"html"}]},"excerpt":{"rendered":"<p>Student\u00ebt e Histori-Filologjikut i kan\u00eb nisur nj\u00eb k\u00ebrkes\u00eb dekanit t\u00eb tyre Sabri La\u00e7it, nj\u00eb dit\u00eb pas deklarat\u00ebs s\u00eb tij se protesta e pedagog\u00ebve do ndryshoj\u00eb form\u00eb duke pezulluar m\u00ebsimin vet\u00ebm nj\u00eb dit\u00eb n\u00eb jav\u00eb. N\u00eb let\u00ebr-k\u00ebrkes\u00ebn e tyre, student\u00ebt i k\u00ebrkojn\u00eb dekanit t\u00eb Historis\u00eb dhe Filologjis\u00eb garanci p\u00ebr vijimin e protest\u00ebs studentore. Po ashtu ata [&hellip;]<\/p>\n","protected":false,"gt_translate_keys":[{"key":"rendered","format":"html"}]},"author":30,"featured_media":272386,"comment_status":"open","ping_status":"open","sticky":false,"template":"","format":"standard","meta":{"footnotes":""},"categories":[65,13],"tags":[],"class_list":["post-272385","post","type-post","status-publish","format-standard","has-post-thumbnail","hentry","category-lajme","category-te-fundit"],"gt_translate_keys":[{"key":"link","format":"url"}],"_links":{"self":[{"href":"https:\/\/www.hashtag.al\/index.php\/wp-json\/wp\/v2\/posts\/272385","targetHints":{"allow":["GET"]}}],"collection":[{"href":"https:\/\/www.hashtag.al\/index.php\/wp-json\/wp\/v2\/posts"}],"about":[{"href":"https:\/\/www.hashtag.al\/index.php\/wp-json\/wp\/v2\/types\/post"}],"author":[{"embeddable":true,"href":"https:\/\/www.hashtag.al\/index.php\/wp-json\/wp\/v2\/users\/30"}],"replies":[{"embeddable":true,"href":"https:\/\/www.hashtag.al\/index.php\/wp-json\/wp\/v2\/comments?post=272385"}],"version-history":[{"count":0,"href":"https:\/\/www.hashtag.al\/index.php\/wp-json\/wp\/v2\/posts\/272385\/revisions"}],"wp:featuredmedia":[{"embeddable":true,"href":"https:\/\/www.hashtag.al\/index.php\/wp-json\/wp\/v2\/media\/272386"}],"wp:attachment":[{"href":"https:\/\/www.hashtag.al\/index.php\/wp-json\/wp\/v2\/media?parent=272385"}],"wp:term":[{"taxonomy":"category","embeddable":true,"href":"https:\/\/www.hashtag.al\/index.php\/wp-json\/wp\/v2\/categories?post=272385"},{"taxonomy":"post_tag","embeddable":true,"href":"https:\/\/www.hashtag.al\/index.php\/wp-json\/wp\/v2\/tags?post=272385"}],"curies":[{"name":"wp","href":"https:\/\/api.w.org\/{rel}","templated":true}]}}