{"id":272369,"date":"2019-02-07T10:53:29","date_gmt":"2019-02-07T09:53:29","guid":{"rendered":"https:\/\/hashtag.al\/?p=272369"},"modified":"2019-02-07T11:00:53","modified_gmt":"2019-02-07T10:00:53","slug":"berisha-perplaset-me-lleshajn-perdhunues-pucist-ke-futur-policine-ne-fakultete","status":"publish","type":"post","link":"https:\/\/www.hashtag.al\/index.php\/2019\/02\/07\/berisha-perplaset-me-lleshajn-perdhunues-pucist-ke-futur-policine-ne-fakultete\/","title":{"rendered":"Berisha p\u00ebrplaset me Lleshajn: P\u00ebrdhunues, pu\u00e7ist, ke futur policin\u00eb n\u00eb fakultete!","gt_translate_keys":[{"key":"rendered","format":"text"}]},"content":{"rendered":"<p><span style=\"color: #000000;\"><img loading=\"lazy\" decoding=\"async\" class=\"aligncenter wp-image-260307\" src=\"https:\/\/hashtag.al\/wp-content\/uploads\/2018\/12\/berisha-lleshaj.jpg\" alt=\"\" width=\"900\" height=\"417\" srcset=\"https:\/\/www.hashtag.al\/wp-content\/uploads\/2018\/12\/berisha-lleshaj.jpg 592w, https:\/\/www.hashtag.al\/wp-content\/uploads\/2018\/12\/berisha-lleshaj-300x139.jpg 300w\" sizes=\"auto, (max-width: 900px) 100vw, 900px\" \/><\/span><\/p>\n<p><span style=\"color: #000000;\">Dit\u00ebn e sotme n\u00eb Kuvend, ish-kryeministri Sali Berisha, ka reaguar lidhur me ngjarjen e r\u00ebnd\u00eb n\u00eb Kavaj\u00eb ku nj\u00eb 13-vje\u00e7are dyshohet se \u00ebsht\u00eb p\u00ebrdhunuar nga 8 adoleshent\u00eb t\u00eb tjer\u00eb.<\/span><\/p>\n<p><span style=\"color: #000000;\">Berisha i quajti t\u00eb gjith\u00eb qeveritar\u00ebt &#8220;p\u00ebrdhunues&#8221;, p\u00ebr shkak t\u00eb fshehjes s\u00eb krimit p\u00ebr dy muaj me radh\u00eb.\u00a0K\u00ebtu ai nisi nj\u00eb debat edhe me ministrin e Pun\u00ebve t\u00eb Brendshme Sand\u00ebr Lleshaj.<\/span><\/p>\n<p><span style=\"color: #000000;\"><em>&#8220;Sot keni para jush mazhoranc\u00ebn e p\u00ebrdhunuesve, n\u00eb nj\u00eb krim t\u00eb sh\u00ebmtuar q\u00eb ndodhi n\u00eb qytetin e Ka, p\u00ebrdhunim kolektiv. KPolicia u njoftua por policia ishte n\u00eb an\u00ebn e p\u00ebrdhunuesve dhe fshehu krimin. Sh\u00ebrbimi informativ njoftoi ministrat e kryeministrin, kryeministri ishte n\u00eb an\u00ebn e p\u00ebrdhunuesve, vasal\u00ebt e tij pa moral hesht\u00ebn dhe nuk than\u00eb nj\u00eb fjal\u00eb. Fsheh\u00ebn krimin. P\u00ebrs\u00ebrit\u00ebn t\u00eb nj\u00ebjtin skenar, k\u00ebta p\u00ebrdhunues me djalin e deputetit t\u00eb tyre p\u00ebrs\u00ebrit\u00ebn t\u00eb nj\u00ebjtin skenar.<\/em><\/span><\/p>\n<p><span style=\"color: #000000;\"><em>Kur nj\u00eb e s\u00ebmur\u00eb me AIDS, akuzoi kryetarin aktual t\u00eb grupit p\u00ebr p\u00ebrdhunim. \u00c7&#8217;moral kan\u00eb k\u00ebta t\u00eb dalin para jush. \u00cbsht\u00eb diata juaj, n\u00ebse nuk ktheheni nuk do keni f\u00ebmij\u00eb t\u00eb sigurt\u00eb n\u00eb shkollat tuaja.<\/em><\/span><\/p>\n<p><span style=\"color: #000000;\"><em>K\u00ebta kan\u00eb moralin e p\u00ebrdhunuesve, k\u00ebta akuzojn\u00eb viktimat. Kurse p\u00ebr sa i p\u00ebrket Shalsit, e kam nj\u00eb p\u00ebrgjigje.&#8221;,<\/em> tha Berisha.<\/span><\/p>\n<p><span style=\"color: #000000;\">Nd\u00ebrkoh\u00eb ministri i Brendsh\u00ebm Sand\u00ebr Lleshaj vendosi t\u00eb replikonte, duke th\u00ebn\u00eb se i ka duart e zbardhura.<\/span><\/p>\n<p><span style=\"color: #000000;\"><em>&#8220;Policia ka marr\u00eb dijeni, ka reaguar n\u00eb momentin zero, n\u00eb 29.1 2019 ndaj denoncimit t\u00eb familjar\u00ebve, po n\u00eb k\u00ebt\u00eb moment policia ka referuar \u00e7\u00ebshtjen n\u00eb prokurori, pra e ka b\u00ebr\u00eb publike at\u00eb, dhe s\u00eb treti t\u00eb gjitha akuzat jan\u00eb t\u00eb pabaza, t\u00eb d\u00ebmshme dhe dashakeqe p\u00ebr t\u00eb nxir\u00eb nj\u00eb institucion q\u00eb i sh\u00ebrben qytetar\u00ebve.<\/em><\/span><\/p>\n<p><span style=\"color: #000000;\"><em>Denoncimi n\u00eb rrjetet sociale, \u00ebsht\u00eb b\u00ebr\u00eb pasi kan\u00eb qen\u00eb t\u00eb arrestuar, jan\u00eb arrestuar para se t\u00eb b\u00ebnit at\u00eb palo status, juve t&#8217;ju vij turp q\u00eb g\u00ebnjeni.\u00a0<\/em><em>Mua kriminel nuk m\u00eb thoni dot ju se i kam duart e zbardhura un\u00eb, jo t\u00eb skuqura. Kaq.&#8221;<\/em>, iu p\u00ebrgjigj Lleshaj.<\/span><\/p>\n<p><span style=\"color: #000000;\">Ish-kryeministri u ngrit p\u00ebr her\u00eb t\u00eb dyt\u00eb n\u00eb foltore, duke replikuar me Ministrin e Pun\u00ebve t\u00eb Brendshme Sand\u00ebr Lleshaj.<\/span><\/p>\n<p><span style=\"color: #000000;\"><em>&#8220;K\u00ebta kan\u00eb moralin e p\u00ebrdhunuesve. K\u00ebta akuzojn\u00eb viktimat. Kurse p\u00ebr sa i p\u00ebrket k\u00ebtij Shalsit e kam nj\u00eb p\u00ebrgjigje. Nuk do vjedhim n\u00eb m\u00ebnyr\u00eb kaq flagrante sa \u00e7\u2019kan\u00eb b\u00ebr\u00eb k\u00ebta. Nj\u00eb prind i v\u00ebrtet\u00eb s\u2019ia lejonte vetes kurr\u00eb k\u00ebt\u00eb, policia ka reaguar vet\u00ebm pas denoncimit q\u00eb u b\u00eb n\u00eb rrjetet sociale dhe ky vasal q\u00eb s\u2019ka nder dinjitet merr p\u00ebrisp\u00ebr t\u00eb mashtroj\u00eb n\u00eb vend q\u00eb t\u00eb marr\u00eb masa. Por s\u2019e b\u00ebn dot sepse zbaton urdhrin e Edi Ram\u00ebs p\u00ebr t\u00eb fshehur krimin. T\u00eb gjitha informacionet kan\u00eb ardhur n\u00eb Tiran\u00eb, i ka marr\u00eb ministria e Arsimit, e Brendshme dhe me nder kryeministri sepse p\u00ebr k\u00ebta p\u00ebrdhunimi \u00ebsht\u00eb standart moral. Se p\u00ebr ta p\u00ebrdhunuesi duhet t\u00eb jet\u00eb kryetar bashkie, politikan. Kush mund ta b\u00ebj\u00eb k\u00ebt\u00eb p\u00ebrve\u00e7 k\u00ebtij vasali. Pu\u00e7ist. Ke fut policin\u00eb n\u00eb fakultete. Do zvarriteni rrug\u00ebve. &#8220;<\/em>, tha Berisha.<\/span><\/p>\n<p><span style=\"color: #000000;\"><img loading=\"lazy\" decoding=\"async\" class=\"aligncenter size-full wp-image-272372\" src=\"https:\/\/hashtag.al\/wp-content\/uploads\/2019\/02\/BERISHA-LLESHI.jpg\" alt=\"\" width=\"2000\" height=\"1000\" srcset=\"https:\/\/www.hashtag.al\/wp-content\/uploads\/2019\/02\/BERISHA-LLESHI.jpg 2000w, https:\/\/www.hashtag.al\/wp-content\/uploads\/2019\/02\/BERISHA-LLESHI-300x150.jpg 300w, https:\/\/www.hashtag.al\/wp-content\/uploads\/2019\/02\/BERISHA-LLESHI-768x384.jpg 768w, https:\/\/www.hashtag.al\/wp-content\/uploads\/2019\/02\/BERISHA-LLESHI-1024x512.jpg 1024w\" sizes=\"auto, (max-width: 2000px) 100vw, 2000px\" \/><\/span><\/p>\n","protected":false,"gt_translate_keys":[{"key":"rendered","format":"html"}]},"excerpt":{"rendered":"<p>Dit\u00ebn e sotme n\u00eb Kuvend, ish-kryeministri Sali Berisha, ka reaguar lidhur me ngjarjen e r\u00ebnd\u00eb n\u00eb Kavaj\u00eb ku nj\u00eb 13-vje\u00e7are dyshohet se \u00ebsht\u00eb p\u00ebrdhunuar nga 8 adoleshent\u00eb t\u00eb tjer\u00eb. Berisha i quajti t\u00eb gjith\u00eb qeveritar\u00ebt &#8220;p\u00ebrdhunues&#8221;, p\u00ebr shkak t\u00eb fshehjes s\u00eb krimit p\u00ebr dy muaj me radh\u00eb.\u00a0K\u00ebtu ai nisi nj\u00eb debat edhe me ministrin e [&hellip;]<\/p>\n","protected":false,"gt_translate_keys":[{"key":"rendered","format":"html"}]},"author":30,"featured_media":272372,"comment_status":"open","ping_status":"open","sticky":false,"template":"","format":"standard","meta":{"footnotes":""},"categories":[65,13],"tags":[],"class_list":["post-272369","post","type-post","status-publish","format-standard","has-post-thumbnail","hentry","category-lajme","category-te-fundit"],"gt_translate_keys":[{"key":"link","format":"url"}],"_links":{"self":[{"href":"https:\/\/www.hashtag.al\/index.php\/wp-json\/wp\/v2\/posts\/272369","targetHints":{"allow":["GET"]}}],"collection":[{"href":"https:\/\/www.hashtag.al\/index.php\/wp-json\/wp\/v2\/posts"}],"about":[{"href":"https:\/\/www.hashtag.al\/index.php\/wp-json\/wp\/v2\/types\/post"}],"author":[{"embeddable":true,"href":"https:\/\/www.hashtag.al\/index.php\/wp-json\/wp\/v2\/users\/30"}],"replies":[{"embeddable":true,"href":"https:\/\/www.hashtag.al\/index.php\/wp-json\/wp\/v2\/comments?post=272369"}],"version-history":[{"count":0,"href":"https:\/\/www.hashtag.al\/index.php\/wp-json\/wp\/v2\/posts\/272369\/revisions"}],"wp:featuredmedia":[{"embeddable":true,"href":"https:\/\/www.hashtag.al\/index.php\/wp-json\/wp\/v2\/media\/272372"}],"wp:attachment":[{"href":"https:\/\/www.hashtag.al\/index.php\/wp-json\/wp\/v2\/media?parent=272369"}],"wp:term":[{"taxonomy":"category","embeddable":true,"href":"https:\/\/www.hashtag.al\/index.php\/wp-json\/wp\/v2\/categories?post=272369"},{"taxonomy":"post_tag","embeddable":true,"href":"https:\/\/www.hashtag.al\/index.php\/wp-json\/wp\/v2\/tags?post=272369"}],"curies":[{"name":"wp","href":"https:\/\/api.w.org\/{rel}","templated":true}]}}