{"id":272308,"date":"2019-02-07T08:13:26","date_gmt":"2019-02-07T07:13:26","guid":{"rendered":"https:\/\/hashtag.al\/?p=272308"},"modified":"2019-02-07T08:14:42","modified_gmt":"2019-02-07T07:14:42","slug":"perdori-dushin-dhe-krevatin-e-taylor-swift-denohet-me-6-muaj-burg-perndjekesi-i-kengetares","status":"publish","type":"post","link":"https:\/\/www.hashtag.al\/index.php\/2019\/02\/07\/perdori-dushin-dhe-krevatin-e-taylor-swift-denohet-me-6-muaj-burg-perndjekesi-i-kengetares\/","title":{"rendered":"P\u00ebrdori dushin dhe krevatin e Taylor Swift, d\u00ebnohet me 6 muaj burg p\u00ebrndjek\u00ebsi i k\u00ebng\u00ebtares","gt_translate_keys":[{"key":"rendered","format":"text"}]},"content":{"rendered":"<p><span style=\"color: #000000;\"><img loading=\"lazy\" decoding=\"async\" class=\"aligncenter size-full wp-image-272309\" src=\"https:\/\/hashtag.al\/wp-content\/uploads\/2019\/02\/gettyimages-1063641444.jpg\" alt=\"\" width=\"720\" height=\"540\" srcset=\"https:\/\/www.hashtag.al\/wp-content\/uploads\/2019\/02\/gettyimages-1063641444.jpg 720w, https:\/\/www.hashtag.al\/wp-content\/uploads\/2019\/02\/gettyimages-1063641444-300x225.jpg 300w\" sizes=\"auto, (max-width: 720px) 100vw, 720px\" \/>Fansi i fiksuar q\u00eb hyri n\u00eb sht\u00ebpin\u00eb e k\u00ebng\u00ebtares Taylor Swift n\u00eb New York dhe b\u00ebri nj\u00eb sy gjum\u00eb \u00ebsht\u00eb d\u00ebnuar me 6 muaj burg. <span style=\"color: #0000ff;\"><a style=\"color: #0000ff;\" href=\"https:\/\/globalnews.ca\/news\/4930427\/taylor-swift-stalker-jailed\/\">Mediat<\/a><\/span> amerikane shkruajn\u00eb se i dyshuari 22-vje\u00e7ar i quajtur Roger Alvarado, u gjet duke fjetur n\u00eb shtratin e Swift nga autoritetet lokale.<\/span><\/p>\n<p><span style=\"color: #000000;\">Sipas Page Six, ai kishte p\u00ebrdorur edhe dushin e saj.<\/span><\/p>\n<p><span style=\"color: #000000;\">Ishte nj\u00eb fqinj i k\u00ebng\u00ebtares ai q\u00eb kishte njoftuar policin\u00eb, pasi kishte v\u00ebn\u00eb re nj\u00eb shkall\u00eb t\u00eb ngritur n\u00eb sht\u00ebpin\u00eb e Swift.<\/span><\/p>\n<p><span style=\"color: #000000;\">P\u00ebr fat t\u00eb mir\u00eb k\u00ebng\u00ebtarja nuk ndodhej n\u00eb sht\u00ebpi.<\/span><\/p>\n<p><span style=\"color: #000000;\">Alvarado u deklarua fajtor p\u00ebr shp\u00ebrfillje penale dhe tentativ\u00eb p\u00ebr vjedhje, dhe u d\u00ebnua me 6 muaj burg.<\/span><\/p>\n<p><span style=\"color: #000000;\">Kjo nuk \u00ebsht\u00eb hera e par\u00eb q\u00eb fansi 22-vje\u00e7ar tenton t\u00eb takohet me k\u00ebng\u00ebtaren. Shkurtin e vitit t\u00eb kaluar, Alvarado theu der\u00ebn e p\u00ebrparme t\u00eb sht\u00ebpis\u00eb s\u00eb Swift q\u00eb kushtonte 18 milion\u00eb dollar\u00eb me nj\u00eb lopat\u00eb.<\/span><\/p>\n<p><span style=\"color: #000000;\">Alvarado thuhet se ka planifikuar t\u00eb kthehet n\u00eb sht\u00ebpin\u00eb e tij Florida, pasi t\u00eb p\u00ebrfundoj\u00eb d\u00ebnimin. Ai p\u00ebr pes\u00eb vjet do t\u00eb jet\u00eb n\u00eb lirim me kusht dhe do t&#8217;i duhet t\u00eb marr\u00eb pjes\u00eb n\u00eb nj\u00eb program rehabilitimi t\u00eb sh\u00ebndetit mendor. Swift dhe p\u00ebrfaq\u00ebsuesit e saj nuk e kan\u00eb komentuar k\u00ebt\u00eb \u00e7\u00ebshtje.<\/span><\/p>\n<p><img loading=\"lazy\" decoding=\"async\" class=\"aligncenter size-full wp-image-272310\" src=\"https:\/\/hashtag.al\/wp-content\/uploads\/2019\/02\/gettyimages-1064050504.jpg\" alt=\"\" width=\"1200\" height=\"798\" srcset=\"https:\/\/www.hashtag.al\/wp-content\/uploads\/2019\/02\/gettyimages-1064050504.jpg 1200w, https:\/\/www.hashtag.al\/wp-content\/uploads\/2019\/02\/gettyimages-1064050504-300x200.jpg 300w, https:\/\/www.hashtag.al\/wp-content\/uploads\/2019\/02\/gettyimages-1064050504-768x511.jpg 768w, https:\/\/www.hashtag.al\/wp-content\/uploads\/2019\/02\/gettyimages-1064050504-1024x681.jpg 1024w\" sizes=\"auto, (max-width: 1200px) 100vw, 1200px\" \/><\/p>\n<p><img loading=\"lazy\" decoding=\"async\" class=\"aligncenter size-full wp-image-272311\" src=\"https:\/\/hashtag.al\/wp-content\/uploads\/2019\/02\/taylor-swift.jpg\" alt=\"\" width=\"1200\" height=\"811\" srcset=\"https:\/\/www.hashtag.al\/wp-content\/uploads\/2019\/02\/taylor-swift.jpg 1200w, https:\/\/www.hashtag.al\/wp-content\/uploads\/2019\/02\/taylor-swift-300x203.jpg 300w, https:\/\/www.hashtag.al\/wp-content\/uploads\/2019\/02\/taylor-swift-768x519.jpg 768w, https:\/\/www.hashtag.al\/wp-content\/uploads\/2019\/02\/taylor-swift-1024x692.jpg 1024w\" sizes=\"auto, (max-width: 1200px) 100vw, 1200px\" \/><\/p>\n<p>&nbsp;<\/p>\n","protected":false,"gt_translate_keys":[{"key":"rendered","format":"html"}]},"excerpt":{"rendered":"<p>Fansi i fiksuar q\u00eb hyri n\u00eb sht\u00ebpin\u00eb e k\u00ebng\u00ebtares Taylor Swift n\u00eb New York dhe b\u00ebri nj\u00eb sy gjum\u00eb \u00ebsht\u00eb d\u00ebnuar me 6 muaj burg. Mediat amerikane shkruajn\u00eb se i dyshuari 22-vje\u00e7ar i quajtur Roger Alvarado, u gjet duke fjetur n\u00eb shtratin e Swift nga autoritetet lokale. Sipas Page Six, ai kishte p\u00ebrdorur edhe dushin [&hellip;]<\/p>\n","protected":false,"gt_translate_keys":[{"key":"rendered","format":"html"}]},"author":30,"featured_media":272310,"comment_status":"open","ping_status":"open","sticky":false,"template":"","format":"standard","meta":{"footnotes":""},"categories":[53],"tags":[],"class_list":["post-272308","post","type-post","status-publish","format-standard","has-post-thumbnail","hentry","category-fast-foodi"],"gt_translate_keys":[{"key":"link","format":"url"}],"_links":{"self":[{"href":"https:\/\/www.hashtag.al\/index.php\/wp-json\/wp\/v2\/posts\/272308","targetHints":{"allow":["GET"]}}],"collection":[{"href":"https:\/\/www.hashtag.al\/index.php\/wp-json\/wp\/v2\/posts"}],"about":[{"href":"https:\/\/www.hashtag.al\/index.php\/wp-json\/wp\/v2\/types\/post"}],"author":[{"embeddable":true,"href":"https:\/\/www.hashtag.al\/index.php\/wp-json\/wp\/v2\/users\/30"}],"replies":[{"embeddable":true,"href":"https:\/\/www.hashtag.al\/index.php\/wp-json\/wp\/v2\/comments?post=272308"}],"version-history":[{"count":0,"href":"https:\/\/www.hashtag.al\/index.php\/wp-json\/wp\/v2\/posts\/272308\/revisions"}],"wp:featuredmedia":[{"embeddable":true,"href":"https:\/\/www.hashtag.al\/index.php\/wp-json\/wp\/v2\/media\/272310"}],"wp:attachment":[{"href":"https:\/\/www.hashtag.al\/index.php\/wp-json\/wp\/v2\/media?parent=272308"}],"wp:term":[{"taxonomy":"category","embeddable":true,"href":"https:\/\/www.hashtag.al\/index.php\/wp-json\/wp\/v2\/categories?post=272308"},{"taxonomy":"post_tag","embeddable":true,"href":"https:\/\/www.hashtag.al\/index.php\/wp-json\/wp\/v2\/tags?post=272308"}],"curies":[{"name":"wp","href":"https:\/\/api.w.org\/{rel}","templated":true}]}}