{"id":272257,"date":"2019-02-06T21:30:05","date_gmt":"2019-02-06T20:30:05","guid":{"rendered":"https:\/\/hashtag.al\/?p=272257"},"modified":"2019-02-06T21:38:23","modified_gmt":"2019-02-06T20:38:23","slug":"perballja-me-tumorin-ujka-operacioni-ne-shqiperi-nuk-doli-me-sukses-shkova-ne-amerike-per-nderhyrjen-radikale","status":"publish","type":"post","link":"https:\/\/www.hashtag.al\/index.php\/2019\/02\/06\/perballja-me-tumorin-ujka-operacioni-ne-shqiperi-nuk-doli-me-sukses-shkova-ne-amerike-per-nderhyrjen-radikale\/","title":{"rendered":"P\u00ebrballja me tumorin, Ujka: Operacioni n\u00eb Shqip\u00ebri nuk doli me sukses shkova n\u00eb Amerik\u00eb p\u00ebr nd\u00ebrhyrjen radikale","gt_translate_keys":[{"key":"rendered","format":"text"}]},"content":{"rendered":"<p><img loading=\"lazy\" decoding=\"async\" class=\"aligncenter size-full wp-image-272258\" src=\"https:\/\/hashtag.al\/wp-content\/uploads\/2019\/02\/estela-ujka.png\" alt=\"\" width=\"640\" height=\"617\" \/><\/p>\n<p><span style=\"color: #000000;\">Blogerja e njohur shqiptare Estela Ujka ka rr\u00ebfyer n\u00eb emisionin me \u201cRudin\u00ebs\u201d n\u00eb Tv Klan eksperienc\u00ebs e saj n\u00eb p\u00ebrballjen me s\u00ebmundjen e r\u00ebnd\u00eb.<\/span><\/p>\n<p><span style=\"color: #000000;\">Estela ka rr\u00ebfyer se pasi kreu nj\u00eb nd\u00ebrhyrje n\u00eb Shqip\u00ebri ajo u detyrua t\u00eb kryente edhe nj\u00eb t\u00eb dyt\u00eb jasht\u00eb vendit pasi e para nuk rezultoi e suksesshme.<\/span><\/p>\n<p><span style=\"color: #000000;\">\u201cDy vjet p\u00ebrpara se t\u00eb lindja vajz\u00ebn e tret\u00eb un\u00eb kisha kryer nj\u00eb nd\u00ebrhyrje n\u00eb Shqip\u00ebri. Kisha kryer n\u00eb nd\u00ebrhyrje n\u00eb gisht. Ishte nj\u00eb tumor mes beninj dhe malinj, pra nuk \u00ebsht\u00eb malinj me risk jete, por n\u00ebse nd\u00ebrhyrjet nuk kryhen si\u00e7 duhet mund t\u00eb ket\u00eb edhe pasoja fatale. P\u00ebr fatin tim t\u00eb keq, hera e par\u00eb n\u00eb spitalet private n\u00eb Shqip\u00ebri nuk rezultoi e suksesshme, edhe pse nuk dhan\u00eb asnj\u00eb lloj p\u00ebrqindje q\u00eb ky tumor do t\u00eb p\u00ebrs\u00ebritej. Nd\u00ebrkoh\u00eb q\u00eb u p\u00ebrs\u00ebrit dhe vendimi p\u00ebr ta b\u00ebr\u00eb s\u00ebrish n\u00eb Shqip\u00ebri mua m\u00eb dukej i pamundur. Mund\u00ebsit\u00eb q\u00eb t\u00eb b\u00ebhej mir\u00eb operacioni ishin her\u00ebn e par\u00eb dhe praktika n\u00eb Amerik\u00eb ishte q\u00eb t\u00eb mos b\u00ebje biopsi vet\u00ebm\u00a0t\u00eb pjes\u00ebs q\u00eb kishe hequr, por edhe t\u00eb pjes\u00ebs q\u00eb kishte ngelur. Kur un\u00eb mbeta shtatz\u00ebn\u00eb nuk munda t\u00eb b\u00ebj m\u00eb grafi, por isha gjith\u00eb koh\u00ebn n\u00ebn kontroll. Megjithat\u00eb n\u00eb asnj\u00eb moment nuk u tha q\u00eb po p\u00ebrs\u00ebritej. Pasi shkova s\u00ebrish me dhimbje si her\u00ebn e par\u00eb, biseda ishte shum\u00eb e ftoht\u00eb. \u201cT\u00eb \u00ebsht\u00eb p\u00ebrs\u00ebritur, hajde ta b\u00ebjm\u00eb prap\u201d, m\u00eb than\u00eb.<\/span><\/p>\n<p><span style=\"color: #000000;\">Nd\u00ebrkoh\u00eb n\u00eb Amerik\u00eb m\u00eb rezultoi q\u00eb nuk b\u00ebhej m\u00eb dhe nd\u00ebrhyrja her\u00ebn e dyt\u00eb ishte radikale. Me radikale dua t\u00eb them q\u00eb nuk u nd\u00ebrtua m\u00eb gishti ku ndodhej tumori, por vendos\u00ebm p\u00ebr nj\u00eb amputim t\u00eb gishtit. Ishte shum\u00eb periudh\u00eb e v\u00ebshtir\u00eb. Mjek\u00ebt atje kan\u00eb punuar shum\u00eb me psikologjin\u00eb time. Vajzat e mia kan\u00eb qen\u00eb arsyeja kryesore p\u00ebrse nuk e p\u00ebrjetova aq shum\u00eb. Tani jam jasht\u00eb rrezikut p\u00ebr jet\u00ebn q\u00eb \u00ebsht\u00eb gj\u00ebja kryesore dhe nuk ka m\u00eb mund\u00ebsi p\u00ebrs\u00ebritje sepse vendi ku u shfaq u zhduk. Maman\u00eb time e kam humbur nga e nj\u00ebjta s\u00ebmundje dhe kur babai im e mori vesh p\u00ebr s\u00ebmundjen time e kishte shum\u00eb t\u00eb v\u00ebshtir\u00eb ta pranonte\u201d,\u00a0ka treguar blogerja.<\/span><br \/>\n<iframe loading=\"lazy\" src=\"https:\/\/www.youtube.com\/embed\/cIjjYio49pY\" width=\"560\" height=\"315\" frameborder=\"0\" allowfullscreen=\"allowfullscreen\"><\/iframe><\/p>\n","protected":false,"gt_translate_keys":[{"key":"rendered","format":"html"}]},"excerpt":{"rendered":"<p>Blogerja e njohur shqiptare Estela Ujka ka rr\u00ebfyer n\u00eb emisionin me \u201cRudin\u00ebs\u201d n\u00eb Tv Klan eksperienc\u00ebs e saj n\u00eb p\u00ebrballjen me s\u00ebmundjen e r\u00ebnd\u00eb. Estela ka rr\u00ebfyer se pasi kreu nj\u00eb nd\u00ebrhyrje n\u00eb Shqip\u00ebri ajo u detyrua t\u00eb kryente edhe nj\u00eb t\u00eb dyt\u00eb jasht\u00eb vendit pasi e para nuk rezultoi e suksesshme. \u201cDy vjet p\u00ebrpara [&hellip;]<\/p>\n","protected":false,"gt_translate_keys":[{"key":"rendered","format":"html"}]},"author":32,"featured_media":272258,"comment_status":"open","ping_status":"open","sticky":false,"template":"","format":"standard","meta":{"footnotes":""},"categories":[53,13],"tags":[],"class_list":["post-272257","post","type-post","status-publish","format-standard","has-post-thumbnail","hentry","category-fast-foodi","category-te-fundit"],"gt_translate_keys":[{"key":"link","format":"url"}],"_links":{"self":[{"href":"https:\/\/www.hashtag.al\/index.php\/wp-json\/wp\/v2\/posts\/272257","targetHints":{"allow":["GET"]}}],"collection":[{"href":"https:\/\/www.hashtag.al\/index.php\/wp-json\/wp\/v2\/posts"}],"about":[{"href":"https:\/\/www.hashtag.al\/index.php\/wp-json\/wp\/v2\/types\/post"}],"author":[{"embeddable":true,"href":"https:\/\/www.hashtag.al\/index.php\/wp-json\/wp\/v2\/users\/32"}],"replies":[{"embeddable":true,"href":"https:\/\/www.hashtag.al\/index.php\/wp-json\/wp\/v2\/comments?post=272257"}],"version-history":[{"count":0,"href":"https:\/\/www.hashtag.al\/index.php\/wp-json\/wp\/v2\/posts\/272257\/revisions"}],"wp:featuredmedia":[{"embeddable":true,"href":"https:\/\/www.hashtag.al\/index.php\/wp-json\/wp\/v2\/media\/272258"}],"wp:attachment":[{"href":"https:\/\/www.hashtag.al\/index.php\/wp-json\/wp\/v2\/media?parent=272257"}],"wp:term":[{"taxonomy":"category","embeddable":true,"href":"https:\/\/www.hashtag.al\/index.php\/wp-json\/wp\/v2\/categories?post=272257"},{"taxonomy":"post_tag","embeddable":true,"href":"https:\/\/www.hashtag.al\/index.php\/wp-json\/wp\/v2\/tags?post=272257"}],"curies":[{"name":"wp","href":"https:\/\/api.w.org\/{rel}","templated":true}]}}