{"id":272024,"date":"2019-02-06T08:55:21","date_gmt":"2019-02-06T07:55:21","guid":{"rendered":"https:\/\/hashtag.al\/?p=272024"},"modified":"2019-02-06T08:56:02","modified_gmt":"2019-02-06T07:56:02","slug":"e-drejta-per-revokim-mandati-qe-do-te-ndryshonte-gjendjen-ne-universitete","status":"publish","type":"post","link":"https:\/\/www.hashtag.al\/index.php\/2019\/02\/06\/e-drejta-per-revokim-mandati-qe-do-te-ndryshonte-gjendjen-ne-universitete\/","title":{"rendered":"E drejta themelore q\u00eb do t\u00eb ndryshonte gjendjen n\u00eb universitete","gt_translate_keys":[{"key":"rendered","format":"text"}]},"content":{"rendered":"<p>&nbsp;<\/p>\n<p><img loading=\"lazy\" decoding=\"async\" class=\"wp-image-151353 size-medium alignright\" src=\"https:\/\/hashtag.al\/wp-content\/uploads\/2018\/01\/artanfuga5-300x300.jpg\" alt=\"\" width=\"300\" height=\"300\" \/><\/p>\n<p><strong><span style=\"color: #000000;\">Nga Artan Fuga<\/span><\/strong><\/p>\n<p>&nbsp;<\/p>\n<p><span style=\"color: #000000;\">E drejta p\u00ebr revokim mandati &#8211; Nj\u00eb e drejt\u00eb themelore q\u00eb do t\u00eb ndryshonte t\u00ebr\u00ebsisht gjendjen n\u00eb universitetet publike dhe private.<\/span><\/p>\n<p><span style=\"color: #000000;\">Duhet k\u00ebrkuar e drejta p\u00ebr asamblet\u00eb e pedagog\u00ebve n\u00eb nj\u00ebsit\u00eb kryesore t\u00eb universiteteve publike dhe private q\u00eb formulohet si m\u00eb posht\u00eb:<\/span><\/p>\n<p><span style=\"color: #000000;\">&#8220;Asamblet\u00eb dhe trupat pedagogjike n\u00eb nivel nj\u00ebsish baz\u00eb kan\u00eb t\u00eb drejt\u00eb q\u00eb n\u00ebse e shohin t\u00eb arsyeshme, mbi baz\u00ebn e nj\u00eb argumentimi t\u00eb besuesh\u00ebm dhe t\u00eb q\u00ebndruesh\u00ebm, mjaftueshm\u00ebrisht t\u00eb legjitimuar, t\u00eb k\u00ebrkojn\u00eb nd\u00ebrprerjen e mandatit, pra revokimin, e cilitdo t\u00eb zgjedhuri t\u00eb tyre n\u00eb detyra, poste dhe funksione drejtuese universitare.&#8221;<\/span><\/p>\n<p><span style=\"color: #000000;\">Kjo e drejt\u00eb mund t\u00eb vendosi para revokimit t\u00eb gjitha trupat drejtuese, autoritete dhe instanca universitare: p\u00ebrgjegj\u00ebsit e departamenteve, dekan\u00ebt, senator\u00ebt, an\u00ebtar\u00ebt e bordeve, rektor\u00ebt.<\/span><\/p>\n<p><span style=\"color: #000000;\">Revokimi mund t\u00eb nis\u00eb si procedur\u00eb n\u00eb \u00e7do \u00e7ast, mjafton q\u00eb t\u00eb k\u00ebrkohet nga 50 p\u00ebrqind plus 1 e trup\u00ebs q\u00eb e ka zgjedhur at\u00eb autoritet, p\u00ebr t\u00eb cilin k\u00ebrkohet vot\u00ebbesimi.<\/span><\/p>\n<p><span style=\"color: #000000;\">Pranimi ose refuzimi i vlefshm\u00ebris\u00eb s\u00eb argumentave t\u00eb k\u00ebrkes\u00ebs p\u00ebr revokim t\u00eb nj\u00eb drejtuesi universitar t\u00eb \u00e7do niveli realizohet me votim t\u00eb fsheht\u00eb nga senati i IAL.<\/span><\/p>\n<p><span style=\"color: #000000;\">Revokimi quhet i kryer n\u00ebse p\u00ebr t\u00eb n\u00eb votim t\u00eb fsheht\u00eb voton 50 p\u00ebrqind plus 1 e zgjedh\u00ebsve dhe kandidatura alternative merr nj\u00ebkoh\u00ebsisht m\u00eb shum\u00eb se 50 p\u00ebrqind t\u00eb k\u00ebtyre votave.<\/span><\/p>\n<p><span style=\"color: #000000;\">P\u00ebr t\u00eb realizuar procesin e votimit vepron nj\u00eb komision i p\u00ebrhersh\u00ebm votimi n\u00eb nivel IAL q\u00eb ka mandat n\u00eb koh\u00eb t\u00eb vlefsh\u00ebm si ai i t\u00eb gjitha instancave drejtuese t\u00eb IAL.<\/span><\/p>\n","protected":false,"gt_translate_keys":[{"key":"rendered","format":"html"}]},"excerpt":{"rendered":"<p>&nbsp; Nga Artan Fuga &nbsp; E drejta p\u00ebr revokim mandati &#8211; Nj\u00eb e drejt\u00eb themelore q\u00eb do t\u00eb ndryshonte t\u00ebr\u00ebsisht gjendjen n\u00eb universitetet publike dhe private. Duhet k\u00ebrkuar e drejta p\u00ebr asamblet\u00eb e pedagog\u00ebve n\u00eb nj\u00ebsit\u00eb kryesore t\u00eb universiteteve publike dhe private q\u00eb formulohet si m\u00eb posht\u00eb: &#8220;Asamblet\u00eb dhe trupat pedagogjike n\u00eb nivel nj\u00ebsish baz\u00eb [&hellip;]<\/p>\n","protected":false,"gt_translate_keys":[{"key":"rendered","format":"html"}]},"author":30,"featured_media":157918,"comment_status":"open","ping_status":"open","sticky":false,"template":"","format":"standard","meta":{"footnotes":""},"categories":[20],"tags":[],"class_list":["post-272024","post","type-post","status-publish","format-standard","has-post-thumbnail","hentry","category-blog"],"gt_translate_keys":[{"key":"link","format":"url"}],"_links":{"self":[{"href":"https:\/\/www.hashtag.al\/index.php\/wp-json\/wp\/v2\/posts\/272024","targetHints":{"allow":["GET"]}}],"collection":[{"href":"https:\/\/www.hashtag.al\/index.php\/wp-json\/wp\/v2\/posts"}],"about":[{"href":"https:\/\/www.hashtag.al\/index.php\/wp-json\/wp\/v2\/types\/post"}],"author":[{"embeddable":true,"href":"https:\/\/www.hashtag.al\/index.php\/wp-json\/wp\/v2\/users\/30"}],"replies":[{"embeddable":true,"href":"https:\/\/www.hashtag.al\/index.php\/wp-json\/wp\/v2\/comments?post=272024"}],"version-history":[{"count":0,"href":"https:\/\/www.hashtag.al\/index.php\/wp-json\/wp\/v2\/posts\/272024\/revisions"}],"wp:featuredmedia":[{"embeddable":true,"href":"https:\/\/www.hashtag.al\/index.php\/wp-json\/"}],"wp:attachment":[{"href":"https:\/\/www.hashtag.al\/index.php\/wp-json\/wp\/v2\/media?parent=272024"}],"wp:term":[{"taxonomy":"category","embeddable":true,"href":"https:\/\/www.hashtag.al\/index.php\/wp-json\/wp\/v2\/categories?post=272024"},{"taxonomy":"post_tag","embeddable":true,"href":"https:\/\/www.hashtag.al\/index.php\/wp-json\/wp\/v2\/tags?post=272024"}],"curies":[{"name":"wp","href":"https:\/\/api.w.org\/{rel}","templated":true}]}}