{"id":271993,"date":"2019-02-06T07:48:33","date_gmt":"2019-02-06T06:48:33","guid":{"rendered":"https:\/\/hashtag.al\/?p=271993"},"modified":"2019-02-06T09:49:52","modified_gmt":"2019-02-06T08:49:52","slug":"pas-5-muajsh-ne-detyre-shkarkohet-drejtori-i-burgjeve-stefan-cipa","status":"publish","type":"post","link":"https:\/\/www.hashtag.al\/index.php\/2019\/02\/06\/pas-5-muajsh-ne-detyre-shkarkohet-drejtori-i-burgjeve-stefan-cipa\/","title":{"rendered":"Pas 5 muajsh n\u00eb detyr\u00eb, shkarkohet drejtori i Burgjeve Stefan \u00c7ipa","gt_translate_keys":[{"key":"rendered","format":"text"}]},"content":{"rendered":"<p><img loading=\"lazy\" decoding=\"async\" class=\"aligncenter size-full wp-image-271994\" src=\"https:\/\/hashtag.al\/wp-content\/uploads\/2019\/02\/Stefan-Cipa.jpg\" alt=\"\" width=\"473\" height=\"416\" srcset=\"https:\/\/www.hashtag.al\/wp-content\/uploads\/2019\/02\/Stefan-Cipa.jpg 473w, https:\/\/www.hashtag.al\/wp-content\/uploads\/2019\/02\/Stefan-Cipa-300x264.jpg 300w\" sizes=\"auto, (max-width: 473px) 100vw, 473px\" \/><\/p>\n<p><span style=\"color: #000000;\">Shkarkohet nga detyra Stefan \u00c7ipa, drejtori i P\u00ebrgjithsh\u00ebm i Burgjeve. \u00c7ipa kishte vet\u00ebm 5 muaj n\u00eb k\u00ebt\u00eb detyr\u00eb, q\u00eb pas shkarkimit t\u00eb Arben \u00c7ukos, i cili u arrestua m\u00eb pas n\u00eb kuad\u00ebr t\u00eb operacionit \u201cVol-vo4\u201d.<\/span><\/p>\n<p><span style=\"color: #000000;\">Ende nuk dihet se cili do t\u00eb jet\u00eb Drejtori i Ri i P\u00ebrgjithsh\u00ebm i Burgjeve. Pas largimit nga ky post, m\u00ebsohet se \u00c7ipa \u00ebsht\u00eb em\u00ebruar n\u00eb krye t\u00eb Entit t\u00eb Banesave.<\/span><\/p>\n<p><span style=\"color: #000000;\">Ish-kryebashkiaku i Sarand\u00ebs \u00ebsht\u00eb nj\u00eb nga personat e besuar t\u00eb Edi Ram\u00ebs, \u00a0i cili m\u00eb her\u00ebt ka mbajtur postin e sekretarit p\u00ebr emigracionin n\u00eb Partin\u00eb Socialiste.<\/span><\/p>\n<p><span style=\"color: #000000;\">Q\u00eb prej vitit 2013 tek Burgjet jan\u00eb nd\u00ebrruar disa drejtor\u00eb, duke nisur me Artur Zoton, Arjan Hoxh\u00ebn, Arben \u00c7ukon deri sot me Stefan \u00c7ip\u00ebn.<\/span><\/p>\n<p><span style=\"color: #000000;\">\u00c7ipa ka mbajtur disa detyra t\u00eb r\u00ebnd\u00ebsishme, q\u00eb nga deputet kur u zgjodh p\u00ebr her\u00eb t\u00eb par\u00eb n\u00eb 1997-\u00ebn, zv\/kryetar i Komisionit parlamentar t\u00eb Siguris\u00eb Komb\u00ebtare (1997\u20132002), Minist\u00ebr i Rendit Publik (2002) Kryetar i Bashkis\u00eb s\u00eb Sarand\u00ebs (2011-2014) dhe z\u00ebvend\u00ebsminist\u00ebr i Pun\u00ebve t\u00eb Brendshme (2016).<strong>\/Hashtag.al<\/strong><\/span><\/p>\n<p><img loading=\"lazy\" decoding=\"async\" class=\"aligncenter size-full wp-image-271997\" src=\"https:\/\/hashtag.al\/wp-content\/uploads\/2019\/02\/CIPA-Stefan.jpg\" alt=\"\" width=\"470\" height=\"470\" srcset=\"https:\/\/www.hashtag.al\/wp-content\/uploads\/2019\/02\/CIPA-Stefan.jpg 470w, https:\/\/www.hashtag.al\/wp-content\/uploads\/2019\/02\/CIPA-Stefan-150x150.jpg 150w, https:\/\/www.hashtag.al\/wp-content\/uploads\/2019\/02\/CIPA-Stefan-300x300.jpg 300w, https:\/\/www.hashtag.al\/wp-content\/uploads\/2019\/02\/CIPA-Stefan-120x120.jpg 120w\" sizes=\"auto, (max-width: 470px) 100vw, 470px\" \/><\/p>\n","protected":false,"gt_translate_keys":[{"key":"rendered","format":"html"}]},"excerpt":{"rendered":"<p>Shkarkohet nga detyra Stefan \u00c7ipa, drejtori i P\u00ebrgjithsh\u00ebm i Burgjeve. \u00c7ipa kishte vet\u00ebm 5 muaj n\u00eb k\u00ebt\u00eb detyr\u00eb, q\u00eb pas shkarkimit t\u00eb Arben \u00c7ukos, i cili u arrestua m\u00eb pas n\u00eb kuad\u00ebr t\u00eb operacionit \u201cVol-vo4\u201d. Ende nuk dihet se cili do t\u00eb jet\u00eb Drejtori i Ri i P\u00ebrgjithsh\u00ebm i Burgjeve. Pas largimit nga ky post, [&hellip;]<\/p>\n","protected":false,"gt_translate_keys":[{"key":"rendered","format":"html"}]},"author":30,"featured_media":272044,"comment_status":"open","ping_status":"open","sticky":false,"template":"","format":"standard","meta":{"footnotes":""},"categories":[22,65,13],"tags":[],"class_list":["post-271993","post","type-post","status-publish","format-standard","has-post-thumbnail","hentry","category-ballina","category-lajme","category-te-fundit"],"gt_translate_keys":[{"key":"link","format":"url"}],"_links":{"self":[{"href":"https:\/\/www.hashtag.al\/index.php\/wp-json\/wp\/v2\/posts\/271993","targetHints":{"allow":["GET"]}}],"collection":[{"href":"https:\/\/www.hashtag.al\/index.php\/wp-json\/wp\/v2\/posts"}],"about":[{"href":"https:\/\/www.hashtag.al\/index.php\/wp-json\/wp\/v2\/types\/post"}],"author":[{"embeddable":true,"href":"https:\/\/www.hashtag.al\/index.php\/wp-json\/wp\/v2\/users\/30"}],"replies":[{"embeddable":true,"href":"https:\/\/www.hashtag.al\/index.php\/wp-json\/wp\/v2\/comments?post=271993"}],"version-history":[{"count":0,"href":"https:\/\/www.hashtag.al\/index.php\/wp-json\/wp\/v2\/posts\/271993\/revisions"}],"wp:featuredmedia":[{"embeddable":true,"href":"https:\/\/www.hashtag.al\/index.php\/wp-json\/wp\/v2\/media\/272044"}],"wp:attachment":[{"href":"https:\/\/www.hashtag.al\/index.php\/wp-json\/wp\/v2\/media?parent=271993"}],"wp:term":[{"taxonomy":"category","embeddable":true,"href":"https:\/\/www.hashtag.al\/index.php\/wp-json\/wp\/v2\/categories?post=271993"},{"taxonomy":"post_tag","embeddable":true,"href":"https:\/\/www.hashtag.al\/index.php\/wp-json\/wp\/v2\/tags?post=271993"}],"curies":[{"name":"wp","href":"https:\/\/api.w.org\/{rel}","templated":true}]}}