{"id":271601,"date":"2019-02-04T16:06:59","date_gmt":"2019-02-04T15:06:59","guid":{"rendered":"https:\/\/hashtag.al\/?p=271601"},"modified":"2019-02-04T16:10:21","modified_gmt":"2019-02-04T15:10:21","slug":"ish-ministren-e-rames-e-zhgenjen-shume-albin-kurti","status":"publish","type":"post","link":"https:\/\/www.hashtag.al\/index.php\/2019\/02\/04\/ish-ministren-e-rames-e-zhgenjen-shume-albin-kurti\/","title":{"rendered":"Ish-ministren e Ram\u00ebs e zhg\u00ebnjen shum\u00eb Albin Kurti","gt_translate_keys":[{"key":"rendered","format":"text"}]},"content":{"rendered":"<p>&nbsp;<\/p>\n<p><img loading=\"lazy\" decoding=\"async\" class=\"aligncenter wp-image-158421\" src=\"https:\/\/hashtag.al\/wp-content\/uploads\/2018\/02\/Mirela.jpg\" alt=\"\" width=\"696\" height=\"584\" \/><\/p>\n<p><span style=\"color: #000000;\">Mirela Kumbaro, ish-ministrja e Kultur\u00ebs q\u00eb u shkarkua para disa jav\u00ebs nga Edi Rama sot ka patur nj\u00eb ndjesi t\u00eb p\u00ebrzier kur ka par\u00eb Albin Kurtin.<\/span><\/p>\n<p><span style=\"color: #000000;\">&#8220;S&#8217;u besova syve&#8221;, rr\u00ebfen, teksa shton se njeriu q\u00eb vler\u00ebsonte ishte pa lidhje brenda universitetit q\u00eb \u00ebsht\u00eb pengmarr\u00eb.<\/span><\/p>\n<p><span style=\"color: #000000;\">&#8220;S\u2019i besova syve kur pashe Albin Kurtin sot brenda pengmarrjes s\u00eb mjediseve universitare, pa ia d\u00ebgjuar ndonj\u00ebher\u00eb m\u00ebndjen p\u00ebr ligjin e AL n\u00eb Shqip\u00ebri! <\/span><\/p>\n<p><span style=\"color: #000000;\">Pa lidhje me vullnetet reale p\u00ebr t\u0113 p\u00ebrmiresuar pasojat e gj\u00ebmave q\u00eb ka njohur bota universitare n\u00eb 25 vite t\u00eb shkuar e q\u00eb nis\u00ebm t\u2019i pastrojm\u00eb n\u00eb 2015 s\u00eb pari duke \u00e7rr\u00ebnjosur qelqet e gjembat e Vitrinave bashke me part-time-et q\u00eb mbyt\u00ebn t\u00eb papun\u00ebt me diploma q\u00eb s\u2019i duhen kujt! <\/span><\/p>\n<p><span style=\"color: #000000;\">Po fare pa lidhje!<\/span><\/p>\n<p><span style=\"color: #000000;\">\u00c7far\u00eb zhg\u00ebnjimi i madh ta shoh\u00ebsh aq t\u00eb tjet\u00ebrsuar njeriun q\u00eb ke vler\u00ebsuar.&#8221;, komenton n\u00eb rrjetin social Kumbaro.<\/span><\/p>\n<p><span style=\"color: #000000;\">Albin Kurti sot, pas daljes nga Fakulteti i Shkencave Sociale ku mb\u00ebshteti protestuesit, b\u00ebri disa deklarata t\u00eb forta, mes t\u00eb cilave se k\u00ebshilltari i Edi Ram\u00ebs \u00ebsht\u00eb nj\u00eb nga njer\u00ebzit m\u00eb t\u00eb urryer n\u00eb Kosov\u00eb dhe se ka lidhje me shefin e Sh\u00ebrbimit Sekret Shtet\u00ebror Serb.<\/span><\/p>\n<p><img loading=\"lazy\" decoding=\"async\" class=\"aligncenter size-full wp-image-138064\" src=\"https:\/\/hashtag.al\/wp-content\/uploads\/2017\/06\/19238160_237144226785469_508138922136736910_o.jpg\" alt=\"\" width=\"2048\" height=\"1369\" \/><\/p>\n","protected":false,"gt_translate_keys":[{"key":"rendered","format":"html"}]},"excerpt":{"rendered":"<p>&nbsp; Mirela Kumbaro, ish-ministrja e Kultur\u00ebs q\u00eb u shkarkua para disa jav\u00ebs nga Edi Rama sot ka patur nj\u00eb ndjesi t\u00eb p\u00ebrzier kur ka par\u00eb Albin Kurtin. &#8220;S&#8217;u besova syve&#8221;, rr\u00ebfen, teksa shton se njeriu q\u00eb vler\u00ebsonte ishte pa lidhje brenda universitetit q\u00eb \u00ebsht\u00eb pengmarr\u00eb. &#8220;S\u2019i besova syve kur pashe Albin Kurtin sot brenda pengmarrjes [&hellip;]<\/p>\n","protected":false,"gt_translate_keys":[{"key":"rendered","format":"html"}]},"author":6,"featured_media":158421,"comment_status":"open","ping_status":"open","sticky":false,"template":"","format":"standard","meta":{"footnotes":""},"categories":[53,65,13],"tags":[],"class_list":["post-271601","post","type-post","status-publish","format-standard","has-post-thumbnail","hentry","category-fast-foodi","category-lajme","category-te-fundit"],"gt_translate_keys":[{"key":"link","format":"url"}],"_links":{"self":[{"href":"https:\/\/www.hashtag.al\/index.php\/wp-json\/wp\/v2\/posts\/271601","targetHints":{"allow":["GET"]}}],"collection":[{"href":"https:\/\/www.hashtag.al\/index.php\/wp-json\/wp\/v2\/posts"}],"about":[{"href":"https:\/\/www.hashtag.al\/index.php\/wp-json\/wp\/v2\/types\/post"}],"author":[{"embeddable":true,"href":"https:\/\/www.hashtag.al\/index.php\/wp-json\/wp\/v2\/users\/6"}],"replies":[{"embeddable":true,"href":"https:\/\/www.hashtag.al\/index.php\/wp-json\/wp\/v2\/comments?post=271601"}],"version-history":[{"count":0,"href":"https:\/\/www.hashtag.al\/index.php\/wp-json\/wp\/v2\/posts\/271601\/revisions"}],"wp:featuredmedia":[{"embeddable":true,"href":"https:\/\/www.hashtag.al\/index.php\/wp-json\/"}],"wp:attachment":[{"href":"https:\/\/www.hashtag.al\/index.php\/wp-json\/wp\/v2\/media?parent=271601"}],"wp:term":[{"taxonomy":"category","embeddable":true,"href":"https:\/\/www.hashtag.al\/index.php\/wp-json\/wp\/v2\/categories?post=271601"},{"taxonomy":"post_tag","embeddable":true,"href":"https:\/\/www.hashtag.al\/index.php\/wp-json\/wp\/v2\/tags?post=271601"}],"curies":[{"name":"wp","href":"https:\/\/api.w.org\/{rel}","templated":true}]}}