{"id":271425,"date":"2019-02-04T09:11:24","date_gmt":"2019-02-04T08:11:24","guid":{"rendered":"https:\/\/hashtag.al\/?p=271425"},"modified":"2019-02-04T10:19:20","modified_gmt":"2019-02-04T09:19:20","slug":"nis-greva-te-fakulteti-i-shkencave-sociale-studente-e-pedagoge-behen-bashke-foto-video","status":"publish","type":"post","link":"https:\/\/www.hashtag.al\/index.php\/2019\/02\/04\/nis-greva-te-fakulteti-i-shkencave-sociale-studente-e-pedagoge-behen-bashke-foto-video\/","title":{"rendered":"Nis greva te Fakulteti i Shkencave Sociale, student\u00eb e pedagog\u00eb b\u00ebhen bashk\u00eb (FOTO\/VIDEO)","gt_translate_keys":[{"key":"rendered","format":"text"}]},"content":{"rendered":"<p><img loading=\"lazy\" decoding=\"async\" class=\"aligncenter size-full wp-image-271426\" src=\"https:\/\/hashtag.al\/wp-content\/uploads\/2019\/02\/greva.jpg\" alt=\"\" width=\"2000\" height=\"1226\" srcset=\"https:\/\/www.hashtag.al\/wp-content\/uploads\/2019\/02\/greva.jpg 2000w, https:\/\/www.hashtag.al\/wp-content\/uploads\/2019\/02\/greva-300x184.jpg 300w, https:\/\/www.hashtag.al\/wp-content\/uploads\/2019\/02\/greva-768x471.jpg 768w, https:\/\/www.hashtag.al\/wp-content\/uploads\/2019\/02\/greva-1024x628.jpg 1024w\" sizes=\"auto, (max-width: 2000px) 100vw, 2000px\" \/><\/p>\n<p><span style=\"color: #000000;\">Student\u00ebt e Fakultetit t\u00eb Shkencave Sociale e kan\u00eb mbajtur fjal\u00ebn. Ashtu sikurse kishin lajm\u00ebruar nj\u00eb dit\u00eb m\u00eb par\u00eb, sot ata kan\u00eb bojkotuar m\u00ebsimin dhe jan\u00eb mbledhur n\u00eb oborrin e fakultetit duke iu bashkuar grev\u00ebs s\u00eb pedagog\u00ebve.<\/span><\/p>\n<p><span style=\"color: #000000;\">Sikurse shihet n\u00eb fotot e m\u00ebposhtme, t\u00eb cilat kan\u00eb mb\u00ebrritur n\u00eb redaksin\u00eb e &#8220;Hashtag.al&#8221;, student\u00eb e pedagog\u00eb jan\u00eb b\u00ebr\u00eb bashk\u00eb.<\/span><\/p>\n<p><span style=\"color: #000000;\">Pedagog\u00ebt e k\u00ebtij fakulteti kan\u00eb lajm\u00ebruar q\u00eb sot do t\u00eb nisnin grev\u00ebn e uris\u00eb, pasi nuk kan\u00eb marr\u00eb nj\u00eb p\u00ebrgjigje ndaj k\u00ebrkesave t\u00eb tyre nga ana e Ministris\u00eb s\u00eb Arsimit.<\/span><\/p>\n<p><span style=\"color: #000000;\">Ata u kan\u00eb b\u00ebr\u00eb thirrje edhe pedagog\u00ebve t\u00eb fakulteteve t\u00eb tjera q\u00eb t&#8217;u bashkohen k\u00ebsaj greve.<\/span><\/p>\n<p><img loading=\"lazy\" decoding=\"async\" class=\"aligncenter size-full wp-image-271429\" src=\"https:\/\/hashtag.al\/wp-content\/uploads\/2019\/02\/shkencat-sociale.jpg\" alt=\"\" width=\"2048\" height=\"1536\" srcset=\"https:\/\/www.hashtag.al\/wp-content\/uploads\/2019\/02\/shkencat-sociale.jpg 2048w, https:\/\/www.hashtag.al\/wp-content\/uploads\/2019\/02\/shkencat-sociale-300x225.jpg 300w, https:\/\/www.hashtag.al\/wp-content\/uploads\/2019\/02\/shkencat-sociale-768x576.jpg 768w, https:\/\/www.hashtag.al\/wp-content\/uploads\/2019\/02\/shkencat-sociale-1024x768.jpg 1024w\" sizes=\"auto, (max-width: 2048px) 100vw, 2048px\" \/> <img loading=\"lazy\" decoding=\"async\" class=\"aligncenter size-full wp-image-271428\" src=\"https:\/\/hashtag.al\/wp-content\/uploads\/2019\/02\/shkencat-soc.jpg\" alt=\"\" width=\"2048\" height=\"1536\" srcset=\"https:\/\/www.hashtag.al\/wp-content\/uploads\/2019\/02\/shkencat-soc.jpg 2048w, https:\/\/www.hashtag.al\/wp-content\/uploads\/2019\/02\/shkencat-soc-300x225.jpg 300w, https:\/\/www.hashtag.al\/wp-content\/uploads\/2019\/02\/shkencat-soc-768x576.jpg 768w, https:\/\/www.hashtag.al\/wp-content\/uploads\/2019\/02\/shkencat-soc-1024x768.jpg 1024w\" sizes=\"auto, (max-width: 2048px) 100vw, 2048px\" \/> <img loading=\"lazy\" decoding=\"async\" class=\"aligncenter size-full wp-image-271430\" src=\"https:\/\/hashtag.al\/wp-content\/uploads\/2019\/02\/kl2.jpg\" alt=\"\" width=\"2048\" height=\"1536\" srcset=\"https:\/\/www.hashtag.al\/wp-content\/uploads\/2019\/02\/kl2.jpg 2048w, https:\/\/www.hashtag.al\/wp-content\/uploads\/2019\/02\/kl2-300x225.jpg 300w, https:\/\/www.hashtag.al\/wp-content\/uploads\/2019\/02\/kl2-768x576.jpg 768w, https:\/\/www.hashtag.al\/wp-content\/uploads\/2019\/02\/kl2-1024x768.jpg 1024w\" sizes=\"auto, (max-width: 2048px) 100vw, 2048px\" \/> <img loading=\"lazy\" decoding=\"async\" class=\"aligncenter size-full wp-image-271431\" src=\"https:\/\/hashtag.al\/wp-content\/uploads\/2019\/02\/kl1.jpg\" alt=\"\" width=\"2048\" height=\"1536\" srcset=\"https:\/\/www.hashtag.al\/wp-content\/uploads\/2019\/02\/kl1.jpg 2048w, https:\/\/www.hashtag.al\/wp-content\/uploads\/2019\/02\/kl1-300x225.jpg 300w, https:\/\/www.hashtag.al\/wp-content\/uploads\/2019\/02\/kl1-768x576.jpg 768w, https:\/\/www.hashtag.al\/wp-content\/uploads\/2019\/02\/kl1-1024x768.jpg 1024w\" sizes=\"auto, (max-width: 2048px) 100vw, 2048px\" \/><\/p>\n<div style=\"width: 576px;\" class=\"wp-video\"><video class=\"wp-video-shortcode\" id=\"video-271425-1\" width=\"576\" height=\"320\" preload=\"metadata\" controls=\"controls\"><source type=\"video\/mp4\" src=\"https:\/\/hashtag.al\/wp-content\/uploads\/2019\/02\/video-1549267181.mp4?_=1\" \/><a href=\"https:\/\/hashtag.al\/wp-content\/uploads\/2019\/02\/video-1549267181.mp4\">https:\/\/hashtag.al\/wp-content\/uploads\/2019\/02\/video-1549267181.mp4<\/a><\/video><\/div>\n","protected":false,"gt_translate_keys":[{"key":"rendered","format":"html"}]},"excerpt":{"rendered":"<p>Student\u00ebt e Fakultetit t\u00eb Shkencave Sociale e kan\u00eb mbajtur fjal\u00ebn. Ashtu sikurse kishin lajm\u00ebruar nj\u00eb dit\u00eb m\u00eb par\u00eb, sot ata kan\u00eb bojkotuar m\u00ebsimin dhe jan\u00eb mbledhur n\u00eb oborrin e fakultetit duke iu bashkuar grev\u00ebs s\u00eb pedagog\u00ebve. Sikurse shihet n\u00eb fotot e m\u00ebposhtme, t\u00eb cilat kan\u00eb mb\u00ebrritur n\u00eb redaksin\u00eb e &#8220;Hashtag.al&#8221;, student\u00eb e pedagog\u00eb jan\u00eb b\u00ebr\u00eb [&hellip;]<\/p>\n","protected":false,"gt_translate_keys":[{"key":"rendered","format":"html"}]},"author":30,"featured_media":271427,"comment_status":"open","ping_status":"open","sticky":false,"template":"","format":"standard","meta":{"footnotes":""},"categories":[65,13],"tags":[],"class_list":["post-271425","post","type-post","status-publish","format-standard","has-post-thumbnail","hentry","category-lajme","category-te-fundit"],"gt_translate_keys":[{"key":"link","format":"url"}],"_links":{"self":[{"href":"https:\/\/www.hashtag.al\/index.php\/wp-json\/wp\/v2\/posts\/271425","targetHints":{"allow":["GET"]}}],"collection":[{"href":"https:\/\/www.hashtag.al\/index.php\/wp-json\/wp\/v2\/posts"}],"about":[{"href":"https:\/\/www.hashtag.al\/index.php\/wp-json\/wp\/v2\/types\/post"}],"author":[{"embeddable":true,"href":"https:\/\/www.hashtag.al\/index.php\/wp-json\/wp\/v2\/users\/30"}],"replies":[{"embeddable":true,"href":"https:\/\/www.hashtag.al\/index.php\/wp-json\/wp\/v2\/comments?post=271425"}],"version-history":[{"count":0,"href":"https:\/\/www.hashtag.al\/index.php\/wp-json\/wp\/v2\/posts\/271425\/revisions"}],"wp:featuredmedia":[{"embeddable":true,"href":"https:\/\/www.hashtag.al\/index.php\/wp-json\/wp\/v2\/media\/271427"}],"wp:attachment":[{"href":"https:\/\/www.hashtag.al\/index.php\/wp-json\/wp\/v2\/media?parent=271425"}],"wp:term":[{"taxonomy":"category","embeddable":true,"href":"https:\/\/www.hashtag.al\/index.php\/wp-json\/wp\/v2\/categories?post=271425"},{"taxonomy":"post_tag","embeddable":true,"href":"https:\/\/www.hashtag.al\/index.php\/wp-json\/wp\/v2\/tags?post=271425"}],"curies":[{"name":"wp","href":"https:\/\/api.w.org\/{rel}","templated":true}]}}