{"id":271354,"date":"2019-02-03T22:16:28","date_gmt":"2019-02-03T21:16:28","guid":{"rendered":"https:\/\/hashtag.al\/?p=271354"},"modified":"2019-02-03T22:16:28","modified_gmt":"2019-02-03T21:16:28","slug":"mediat-britanike-parashikojne-zgjedhje-te-parakohshme","status":"publish","type":"post","link":"https:\/\/www.hashtag.al\/index.php\/2019\/02\/03\/mediat-britanike-parashikojne-zgjedhje-te-parakohshme\/","title":{"rendered":"Mediat britanike parashikojn\u00eb zgjedhje t\u00eb parakohshme","gt_translate_keys":[{"key":"rendered","format":"text"}]},"content":{"rendered":"<p><img loading=\"lazy\" decoding=\"async\" class=\"aligncenter size-full wp-image-253413\" src=\"https:\/\/hashtag.al\/wp-content\/uploads\/2018\/11\/may.jpg\" alt=\"\" width=\"1000\" height=\"665\" srcset=\"https:\/\/www.hashtag.al\/wp-content\/uploads\/2018\/11\/may.jpg 1000w, https:\/\/www.hashtag.al\/wp-content\/uploads\/2018\/11\/may-300x200.jpg 300w, https:\/\/www.hashtag.al\/wp-content\/uploads\/2018\/11\/may-768x511.jpg 768w\" sizes=\"auto, (max-width: 1000px) 100vw, 1000px\" \/><\/p>\n<p><span style=\"color: #000000;\">Shtypi britanik i s\u00eb diel\u00ebs shkruan se kryeministrja Theresa May mund t\u00eb jet\u00eb duke planfikuar zgjedhje t\u00eb reja t\u00eb p\u00ebrgjithshme n\u00eb muajin qershor, nd\u00ebrkoh\u00eb q\u00eb ajo premton se do t\u00eb luftoj\u00eb p\u00ebr Britanin\u00eb gjat\u00eb bisedimeve t\u00eb jav\u00ebs s\u00eb ardhshme n\u00eb Bruksel me udh\u00ebheq\u00ebsit evropian\u00eb p\u00ebr marr\u00ebveshjen e Brexit-it.<\/span><\/p>\n<p><span style=\"color: #000000;\">K\u00ebshilltar\u00ebt e selis\u00eb s\u00eb Kryeministris\u00eb n\u00eb Downing Street mendohet se po hartojn\u00eb planet p\u00ebr shtyrjen p\u00ebr m\u00eb von\u00eb t\u00eb Nenit 50 t\u00eb Traktatit t\u00eb Lisbon\u00ebs, e cila \u00ebsht\u00eb klauzola q\u00eb starton n\u00eb praktik\u00eb t\u00ebrheqjen e Britanis\u00eb nga Bashkimi Evropian.<\/span><\/p>\n<p><span style=\"color: #000000;\">Sipas planeve, qeveria do t\u00eb siguroj\u00eb mb\u00ebshtetjen e Parlamentit n\u00eb prill p\u00ebr marr\u00ebveshjen e re t\u00eb Brexit-it, e cila do t\u00eb negociohet me BE-n\u00eb n\u00eb jav\u00ebt e ardhshme, p\u00ebrpara se t\u00eb k\u00ebrkoj\u00eb mbajtjen e zgjedhjeve t\u00eb reja t\u00eb parakohshme m\u00eb 6 qershor.<\/span><\/p>\n<p><span style=\"color: #000000;\">N\u00eb sondazhet e opinionit publik mendohet se konservator\u00ebt e kryeministres jan\u00eb rreth 7 pik\u00eb p\u00ebrpara opozit\u00ebs laburiste t\u00eb Jeremy Corbyn, i cili nuk \u00ebsht\u00eb n\u00eb gjendje t\u00eb hipotekoj\u00eb suport publik edhe n\u00eb kushtet e kriz\u00ebs m\u00eb t\u00eb r\u00ebnd\u00eb t\u00eb k\u00ebsaj qeverie.<\/span><\/p>\n<p><span style=\"color: #000000;\">Gazetat \u201cMail on Sunday\u201d dhe \u201cSunday Times\u201d t\u00eb Londr\u00ebs i referohen burimeve t\u00eb tyre pran\u00eb qeveris\u00eb, sipas t\u00eb cilave nj\u00eb plan i till\u00eb do t\u00eb mbroj\u00eb kryeministren nga largimi prej detyr\u00ebs nga kund\u00ebrshtar\u00ebt e saj, q\u00eb do t\u00eb donin nj\u00eb udh\u00ebheq\u00ebs t\u00eb ri britanik n\u00eb koh\u00ebn kur t\u00eb negociohej faza e dyt\u00eb e Brexit-it, dhe m\u00eb konkretisht kur t\u00eb negociohen detajet e marr\u00ebveshjes s\u00eb re tregtare me Bashkimin Evropian.<\/span><\/p>\n<p><span style=\"color: #000000;\">Downing Street i mohon njoftime t\u00eb tilla, duke i cil\u00ebsuar si \u201ct\u00ebr\u00ebsisht t\u00eb pav\u00ebrteta\u201d. Ajo q\u00eb po b\u00ebhet gjithnj\u00eb e m\u00eb qart\u00eb n\u00eb vorbull\u00ebn e shum\u00eb paqart\u00ebsive t\u00eb divorcit britanik me BE, \u00ebsht\u00eb fakti se Neni 50, q\u00eb starton Brexit-in, ka shum\u00eb gjasa t\u00eb shtyhet p\u00ebr m\u00eb von\u00eb p\u00ebr t\u00eb mund\u00ebsuar gjith\u00eb k\u00ebto opsione t\u00eb hedhura n\u00eb tregun politik dhe mediatik britanik, ku mbizot\u00ebron prej koh\u00ebsh nj\u00eb kaos dhe ambiguitet i paprecendent p\u00ebr \u00e7do hap t\u00eb m\u00ebpas\u00ebm.<\/span><\/p>\n<p>&nbsp;<\/p>\n","protected":false,"gt_translate_keys":[{"key":"rendered","format":"html"}]},"excerpt":{"rendered":"<p>Shtypi britanik i s\u00eb diel\u00ebs shkruan se kryeministrja Theresa May mund t\u00eb jet\u00eb duke planfikuar zgjedhje t\u00eb reja t\u00eb p\u00ebrgjithshme n\u00eb muajin qershor, nd\u00ebrkoh\u00eb q\u00eb ajo premton se do t\u00eb luftoj\u00eb p\u00ebr Britanin\u00eb gjat\u00eb bisedimeve t\u00eb jav\u00ebs s\u00eb ardhshme n\u00eb Bruksel me udh\u00ebheq\u00ebsit evropian\u00eb p\u00ebr marr\u00ebveshjen e Brexit-it. K\u00ebshilltar\u00ebt e selis\u00eb s\u00eb Kryeministris\u00eb n\u00eb Downing [&hellip;]<\/p>\n","protected":false,"gt_translate_keys":[{"key":"rendered","format":"html"}]},"author":32,"featured_media":253413,"comment_status":"open","ping_status":"open","sticky":false,"template":"","format":"standard","meta":{"footnotes":""},"categories":[6,13],"tags":[],"class_list":["post-271354","post","type-post","status-publish","format-standard","has-post-thumbnail","hentry","category-nderkombetare","category-te-fundit"],"gt_translate_keys":[{"key":"link","format":"url"}],"_links":{"self":[{"href":"https:\/\/www.hashtag.al\/index.php\/wp-json\/wp\/v2\/posts\/271354","targetHints":{"allow":["GET"]}}],"collection":[{"href":"https:\/\/www.hashtag.al\/index.php\/wp-json\/wp\/v2\/posts"}],"about":[{"href":"https:\/\/www.hashtag.al\/index.php\/wp-json\/wp\/v2\/types\/post"}],"author":[{"embeddable":true,"href":"https:\/\/www.hashtag.al\/index.php\/wp-json\/wp\/v2\/users\/32"}],"replies":[{"embeddable":true,"href":"https:\/\/www.hashtag.al\/index.php\/wp-json\/wp\/v2\/comments?post=271354"}],"version-history":[{"count":0,"href":"https:\/\/www.hashtag.al\/index.php\/wp-json\/wp\/v2\/posts\/271354\/revisions"}],"wp:featuredmedia":[{"embeddable":true,"href":"https:\/\/www.hashtag.al\/index.php\/wp-json\/wp\/v2\/media\/253413"}],"wp:attachment":[{"href":"https:\/\/www.hashtag.al\/index.php\/wp-json\/wp\/v2\/media?parent=271354"}],"wp:term":[{"taxonomy":"category","embeddable":true,"href":"https:\/\/www.hashtag.al\/index.php\/wp-json\/wp\/v2\/categories?post=271354"},{"taxonomy":"post_tag","embeddable":true,"href":"https:\/\/www.hashtag.al\/index.php\/wp-json\/wp\/v2\/tags?post=271354"}],"curies":[{"name":"wp","href":"https:\/\/api.w.org\/{rel}","templated":true}]}}