{"id":271320,"date":"2019-02-03T19:10:20","date_gmt":"2019-02-03T18:10:20","guid":{"rendered":"https:\/\/hashtag.al\/?p=271320"},"modified":"2019-02-03T19:10:20","modified_gmt":"2019-02-03T18:10:20","slug":"pedagoget-e-fakultetit-te-shkencave-sociale-nisin-greven-neser","status":"publish","type":"post","link":"https:\/\/www.hashtag.al\/index.php\/2019\/02\/03\/pedagoget-e-fakultetit-te-shkencave-sociale-nisin-greven-neser\/","title":{"rendered":"Pedagog\u00ebt e Fakultetit t\u00eb Shkencave Sociale nisin grev\u00ebn nes\u00ebr","gt_translate_keys":[{"key":"rendered","format":"text"}]},"content":{"rendered":"<p><span style=\"color: #000000;\"><img loading=\"lazy\" decoding=\"async\" class=\"aligncenter size-full wp-image-158306\" src=\"https:\/\/hashtag.al\/wp-content\/uploads\/2018\/02\/pedagoget1.jpg\" alt=\"\" width=\"1068\" height=\"712\" \/><\/span><\/p>\n<p><span style=\"color: #000000;\">Asambleja e Pedagog\u00ebve t\u00eb Fakultetit t\u00eb Shkencave Sociale ka sqaruar sot me an\u00eb t\u00eb nj\u00eb postimi n\u00eb Facebook se vendimi i tyre p\u00ebr grev\u00eb \u00ebsht\u00eb i detyruesh\u00ebm, sepse \u00ebsht\u00eb nj\u00eb vendim i marr\u00eb nga shumica e organit m\u00eb t\u00eb lart\u00eb vendimmarr\u00ebs s\u00eb fakultetit, duke shtuar se kush shkel grev\u00ebn shkel dhe ligjin, por dhe statutin e Universitetit t\u00eb Tiran\u00ebs e etik\u00ebn pedagogjike.<\/span><\/p>\n<p><span style=\"color: #000000;\">Ky sqarim, sipas asambles\u00eb vjen si pasoj\u00eb e postimit nga faqja e Fakultetit t\u00eb Shkencave Sociale t\u00eb dy dokumenteve n\u00eb kund\u00ebrshti me nj\u00ebri-tjetrin ku n\u00eb t\u00eb parin shpallet vendimi p\u00ebr grev\u00eb, e m\u00eb pas postohet nj\u00eb skem\u00eb e rifillimit t\u00eb m\u00ebsimit.<\/span><\/p>\n<p><span style=\"color: #000000;\"><strong>Postimi i plot\u00eb:<\/strong><\/span><\/p>\n<p><span style=\"color: #000000;\">T\u00cb H\u00cbN\u00cbN GREV\u00cb<\/span><\/p>\n<p><span style=\"color: #000000;\">Faqja e Fakultetit t\u00eb Shkencave Sociale ka postuar dy dokumente n\u00eb kund\u00ebrshti me nj\u00ebra-tjetr\u00ebn. N\u00eb fillim shpallet vendimi p\u00ebr grev\u00eb i asambles\u00eb s\u00eb personelit akademik, pastaj nj\u00eb skem\u00eb e rifillimit t\u00eb m\u00ebsimit, a thua se nuk ka grev\u00eb.<\/span><\/p>\n<p><span style=\"color: #000000;\">Na del detyra t\u00eb sqarojm\u00eb se, sipas logjik\u00ebs s\u00eb sh\u00ebndosh\u00eb dhe statutit t\u00eb Universitetit t\u00eb Tiran\u00ebs, asambleja e personelit akademik \u00ebsht\u00eb organi m\u00eb i lart\u00eb vendimmarr\u00ebs i nj\u00eb fakulteti. Kjo asamble zgjedh rektorin, dekanin dhe an\u00eb<span class=\"text_exposed_show\">tar\u00ebt e senatit akademik, si dhe u k\u00ebrkon llogari t\u00eb zgjedhurve p\u00ebr m\u00ebnyr\u00ebn se si ushtrojn\u00eb detyr\u00ebn.<\/span><\/span><\/p>\n<div class=\"text_exposed_show\">\n<p><span style=\"color: #000000;\">Asambleja e personelit akademik t\u00eb FSHS \u00ebsht\u00eb mbledhur n\u00eb respektim t\u00eb nenit 45, pika 3 t\u00eb statutit t\u00eb UT. Pro grev\u00ebs kan\u00eb votuar jo vet\u00ebm thuajse t\u00eb gjith\u00eb pjes\u00ebmarr\u00ebsit n\u00eb asamble, 36 nga 38 vet\u00eb, por edhe shumica absolute e pedagog\u00ebve t\u00eb Fakultetit t\u00eb Shkencave Sociale (gjithsej 71 vet\u00eb, duke p\u00ebrfshir\u00eb k\u00ebtu pedagog\u00ebt q\u00eb nuk mor\u00ebn pjes\u00eb n\u00eb asamble). \u00c7ka do t\u00eb thot\u00eb se vendimi i saj p\u00ebr grev\u00eb \u00ebsht\u00eb i detyruesh\u00ebm ligj\u00ebrisht edhe p\u00ebr ata q\u00eb kan\u00eb votuar kund\u00ebr, edhe p\u00ebr ata q\u00eb nuk jan\u00eb paraqitur n\u00eb asamble, edhe p\u00ebr pedagog\u00ebt e jasht\u00ebm. Kush shkel grev\u00ebn, shkel ligjin, statutin e UT dhe etik\u00ebn pedagogjike.<\/span><\/p>\n<p><span style=\"color: #000000;\">U b\u00ebjm\u00eb thirrje student\u00ebve t\u00eb solidarizohen me pedagog\u00ebt, t\u00eb cil\u00ebt do t\u00eb mblidhen t\u00eb h\u00ebn\u00ebn n\u00eb or\u00ebn 8 n\u00eb oborrin e Fakultetit t\u00eb Shkencave Sociale!<\/span><\/p>\n<\/div>\n","protected":false,"gt_translate_keys":[{"key":"rendered","format":"html"}]},"excerpt":{"rendered":"<p>Asambleja e Pedagog\u00ebve t\u00eb Fakultetit t\u00eb Shkencave Sociale ka sqaruar sot me an\u00eb t\u00eb nj\u00eb postimi n\u00eb Facebook se vendimi i tyre p\u00ebr grev\u00eb \u00ebsht\u00eb i detyruesh\u00ebm, sepse \u00ebsht\u00eb nj\u00eb vendim i marr\u00eb nga shumica e organit m\u00eb t\u00eb lart\u00eb vendimmarr\u00ebs s\u00eb fakultetit, duke shtuar se kush shkel grev\u00ebn shkel dhe ligjin, por dhe statutin [&hellip;]<\/p>\n","protected":false,"gt_translate_keys":[{"key":"rendered","format":"html"}]},"author":32,"featured_media":259714,"comment_status":"open","ping_status":"open","sticky":false,"template":"","format":"standard","meta":{"footnotes":""},"categories":[65,13],"tags":[],"class_list":["post-271320","post","type-post","status-publish","format-standard","has-post-thumbnail","hentry","category-lajme","category-te-fundit"],"gt_translate_keys":[{"key":"link","format":"url"}],"_links":{"self":[{"href":"https:\/\/www.hashtag.al\/index.php\/wp-json\/wp\/v2\/posts\/271320","targetHints":{"allow":["GET"]}}],"collection":[{"href":"https:\/\/www.hashtag.al\/index.php\/wp-json\/wp\/v2\/posts"}],"about":[{"href":"https:\/\/www.hashtag.al\/index.php\/wp-json\/wp\/v2\/types\/post"}],"author":[{"embeddable":true,"href":"https:\/\/www.hashtag.al\/index.php\/wp-json\/wp\/v2\/users\/32"}],"replies":[{"embeddable":true,"href":"https:\/\/www.hashtag.al\/index.php\/wp-json\/wp\/v2\/comments?post=271320"}],"version-history":[{"count":0,"href":"https:\/\/www.hashtag.al\/index.php\/wp-json\/wp\/v2\/posts\/271320\/revisions"}],"wp:featuredmedia":[{"embeddable":true,"href":"https:\/\/www.hashtag.al\/index.php\/wp-json\/wp\/v2\/media\/259714"}],"wp:attachment":[{"href":"https:\/\/www.hashtag.al\/index.php\/wp-json\/wp\/v2\/media?parent=271320"}],"wp:term":[{"taxonomy":"category","embeddable":true,"href":"https:\/\/www.hashtag.al\/index.php\/wp-json\/wp\/v2\/categories?post=271320"},{"taxonomy":"post_tag","embeddable":true,"href":"https:\/\/www.hashtag.al\/index.php\/wp-json\/wp\/v2\/tags?post=271320"}],"curies":[{"name":"wp","href":"https:\/\/api.w.org\/{rel}","templated":true}]}}