{"id":271140,"date":"2019-02-03T11:02:55","date_gmt":"2019-02-03T10:02:55","guid":{"rendered":"https:\/\/hashtag.al\/?p=271140"},"modified":"2019-02-03T11:06:22","modified_gmt":"2019-02-03T10:06:22","slug":"era-e-forte-paralizon-rrjetin-elektrik-ne-vlore-mbetet-pa-drita-spitali-rajonal-foto","status":"publish","type":"post","link":"https:\/\/www.hashtag.al\/index.php\/2019\/02\/03\/era-e-forte-paralizon-rrjetin-elektrik-ne-vlore-mbetet-pa-drita-spitali-rajonal-foto\/","title":{"rendered":"Era e fort\u00eb paralizon rrjetin elektrik n\u00eb Vlor\u00eb, mbetet pa drita spitali rajonal (FOTO)","gt_translate_keys":[{"key":"rendered","format":"text"}]},"content":{"rendered":"<p><img loading=\"lazy\" decoding=\"async\" class=\"aligncenter size-full wp-image-271141\" src=\"https:\/\/hashtag.al\/wp-content\/uploads\/2019\/02\/VLORA.jpg\" alt=\"\" width=\"2000\" height=\"1269\" srcset=\"https:\/\/www.hashtag.al\/wp-content\/uploads\/2019\/02\/VLORA.jpg 2000w, https:\/\/www.hashtag.al\/wp-content\/uploads\/2019\/02\/VLORA-300x190.jpg 300w, https:\/\/www.hashtag.al\/wp-content\/uploads\/2019\/02\/VLORA-768x487.jpg 768w, https:\/\/www.hashtag.al\/wp-content\/uploads\/2019\/02\/VLORA-1024x650.jpg 1024w\" sizes=\"auto, (max-width: 2000px) 100vw, 2000px\" \/><\/p>\n<p><span style=\"color: #000000;\">Moti i keq n\u00eb qytetin e Vlor\u00ebs ka paralizuar rrjetin elektrik. M\u00ebsohet se si pasoj\u00eb e er\u00ebs s\u00eb fort\u00eb, \u00ebsht\u00eb d\u00ebmtuar fideri \u201cVlora 1\u201d, pas rr\u00ebzimit t\u00eb shtyllave elektrike.<\/span><\/p>\n<p><span style=\"color: #000000;\">Si pasoj\u00eb ka mbetur pa energji elektrike edhe nj\u00eb pjes\u00eb e spitalit rajonal t\u00eb Vlor\u00ebs. Operatori i Shp\u00ebrndarjes s\u00eb Energjis\u00eb Elektrike n\u00eb vend (OSHEE), ka lajm\u00ebruar se ka nisur puna p\u00ebr riparimin e defekteve n\u00eb terren.<\/span><\/p>\n<p><em><span style=\"color: #000000;\">\u201cVlor\u00eb, era e fort\u00eb rr\u00ebzon shtyll\u00ebn e tensionit t\u00eb mes\u00ebm<\/span><\/em><\/p>\n<p><em><span style=\"color: #000000;\">Ne Vlore, era e forte ka demtuar fiderin \u201cVlora 1\u201d, prej 6kV, duke rrezuar shtyllat.\u00a0<\/span><\/em><br \/>\n<em> <span style=\"color: #000000;\"> Ekipet e defekteve ndodhen ne terren duke riparuar rrjetin, i cili furnizon nje pjese te spitalit rajonal.\u00a0<\/span><\/em><br \/>\n<span style=\"color: #000000;\"><em> Moti i keq eshte i disfavorshem per nje rikthim te shpejte te energjise, megjithate stafet dhe masat shtese, te marra ne kushtet e emergjences, do reduktojne kohen e riparimit te fiderit qe ndodhet ne zonen e TEC-it, Vlor\u00eb.\u201d,<\/em> njofton OSHEE m\u00ebngjesin e sot\u00ebm.<\/span><\/p>\n<p><span style=\"color: #000000;\">Si pasoj\u00eb e motit t\u00eb keq edhe n\u00eb Vlor\u00eb ashtu sikurse n\u00eb Durr\u00ebs \u00ebsht\u00eb nd\u00ebrprer\u00eb lundrimi. M\u00ebngjesin e sot\u00ebm, si pasoj\u00eb e er\u00ebrave t\u00eb forta n\u00eb bregdet, jan\u00eb mbytur 5 varka.<\/span><\/p>\n<p><img loading=\"lazy\" decoding=\"async\" class=\"aligncenter size-full wp-image-271146\" src=\"https:\/\/hashtag.al\/wp-content\/uploads\/2019\/02\/1.-1.jpg\" alt=\"\" width=\"467\" height=\"960\" srcset=\"https:\/\/www.hashtag.al\/wp-content\/uploads\/2019\/02\/1.-1.jpg 467w, https:\/\/www.hashtag.al\/wp-content\/uploads\/2019\/02\/1.-1-146x300.jpg 146w\" sizes=\"auto, (max-width: 467px) 100vw, 467px\" \/> <img loading=\"lazy\" decoding=\"async\" class=\"aligncenter size-full wp-image-271145\" src=\"https:\/\/hashtag.al\/wp-content\/uploads\/2019\/02\/2.-1.jpg\" alt=\"\" width=\"467\" height=\"960\" srcset=\"https:\/\/www.hashtag.al\/wp-content\/uploads\/2019\/02\/2.-1.jpg 467w, https:\/\/www.hashtag.al\/wp-content\/uploads\/2019\/02\/2.-1-146x300.jpg 146w\" sizes=\"auto, (max-width: 467px) 100vw, 467px\" \/> <img loading=\"lazy\" decoding=\"async\" class=\"aligncenter size-full wp-image-271144\" src=\"https:\/\/hashtag.al\/wp-content\/uploads\/2019\/02\/3.-1.jpg\" alt=\"\" width=\"467\" height=\"960\" srcset=\"https:\/\/www.hashtag.al\/wp-content\/uploads\/2019\/02\/3.-1.jpg 467w, https:\/\/www.hashtag.al\/wp-content\/uploads\/2019\/02\/3.-1-146x300.jpg 146w\" sizes=\"auto, (max-width: 467px) 100vw, 467px\" \/> <img loading=\"lazy\" decoding=\"async\" class=\"aligncenter size-full wp-image-271143\" src=\"https:\/\/hashtag.al\/wp-content\/uploads\/2019\/02\/4.-1.jpg\" alt=\"\" width=\"467\" height=\"960\" srcset=\"https:\/\/www.hashtag.al\/wp-content\/uploads\/2019\/02\/4.-1.jpg 467w, https:\/\/www.hashtag.al\/wp-content\/uploads\/2019\/02\/4.-1-146x300.jpg 146w\" sizes=\"auto, (max-width: 467px) 100vw, 467px\" \/> <img loading=\"lazy\" decoding=\"async\" class=\"aligncenter size-full wp-image-271142\" src=\"https:\/\/hashtag.al\/wp-content\/uploads\/2019\/02\/5..jpg\" alt=\"\" width=\"960\" height=\"467\" srcset=\"https:\/\/www.hashtag.al\/wp-content\/uploads\/2019\/02\/5..jpg 960w, https:\/\/www.hashtag.al\/wp-content\/uploads\/2019\/02\/5.-300x146.jpg 300w, https:\/\/www.hashtag.al\/wp-content\/uploads\/2019\/02\/5.-768x374.jpg 768w\" sizes=\"auto, (max-width: 960px) 100vw, 960px\" \/><\/p>\n","protected":false,"gt_translate_keys":[{"key":"rendered","format":"html"}]},"excerpt":{"rendered":"<p>Moti i keq n\u00eb qytetin e Vlor\u00ebs ka paralizuar rrjetin elektrik. M\u00ebsohet se si pasoj\u00eb e er\u00ebs s\u00eb fort\u00eb, \u00ebsht\u00eb d\u00ebmtuar fideri \u201cVlora 1\u201d, pas rr\u00ebzimit t\u00eb shtyllave elektrike. Si pasoj\u00eb ka mbetur pa energji elektrike edhe nj\u00eb pjes\u00eb e spitalit rajonal t\u00eb Vlor\u00ebs. Operatori i Shp\u00ebrndarjes s\u00eb Energjis\u00eb Elektrike n\u00eb vend (OSHEE), ka lajm\u00ebruar [&hellip;]<\/p>\n","protected":false,"gt_translate_keys":[{"key":"rendered","format":"html"}]},"author":30,"featured_media":271141,"comment_status":"open","ping_status":"open","sticky":false,"template":"","format":"standard","meta":{"footnotes":""},"categories":[65,13],"tags":[],"class_list":["post-271140","post","type-post","status-publish","format-standard","has-post-thumbnail","hentry","category-lajme","category-te-fundit"],"gt_translate_keys":[{"key":"link","format":"url"}],"_links":{"self":[{"href":"https:\/\/www.hashtag.al\/index.php\/wp-json\/wp\/v2\/posts\/271140","targetHints":{"allow":["GET"]}}],"collection":[{"href":"https:\/\/www.hashtag.al\/index.php\/wp-json\/wp\/v2\/posts"}],"about":[{"href":"https:\/\/www.hashtag.al\/index.php\/wp-json\/wp\/v2\/types\/post"}],"author":[{"embeddable":true,"href":"https:\/\/www.hashtag.al\/index.php\/wp-json\/wp\/v2\/users\/30"}],"replies":[{"embeddable":true,"href":"https:\/\/www.hashtag.al\/index.php\/wp-json\/wp\/v2\/comments?post=271140"}],"version-history":[{"count":0,"href":"https:\/\/www.hashtag.al\/index.php\/wp-json\/wp\/v2\/posts\/271140\/revisions"}],"wp:featuredmedia":[{"embeddable":true,"href":"https:\/\/www.hashtag.al\/index.php\/wp-json\/wp\/v2\/media\/271141"}],"wp:attachment":[{"href":"https:\/\/www.hashtag.al\/index.php\/wp-json\/wp\/v2\/media?parent=271140"}],"wp:term":[{"taxonomy":"category","embeddable":true,"href":"https:\/\/www.hashtag.al\/index.php\/wp-json\/wp\/v2\/categories?post=271140"},{"taxonomy":"post_tag","embeddable":true,"href":"https:\/\/www.hashtag.al\/index.php\/wp-json\/wp\/v2\/tags?post=271140"}],"curies":[{"name":"wp","href":"https:\/\/api.w.org\/{rel}","templated":true}]}}