{"id":271137,"date":"2019-02-03T10:52:49","date_gmt":"2019-02-03T09:52:49","guid":{"rendered":"https:\/\/hashtag.al\/?p=271137"},"modified":"2019-02-03T10:53:47","modified_gmt":"2019-02-03T09:53:47","slug":"ose-une-ose-ti-ne-kete-bote-sekretari-socialist-djali-i-kryebashkiakut-me-ka-kercenuar-me-jete","status":"publish","type":"post","link":"https:\/\/www.hashtag.al\/index.php\/2019\/02\/03\/ose-une-ose-ti-ne-kete-bote-sekretari-socialist-djali-i-kryebashkiakut-me-ka-kercenuar-me-jete\/","title":{"rendered":"\u201cOse un\u00eb, ose ti n\u00eb k\u00ebt\u00eb bot\u00eb\u201d, sekretari socialist: Djali i kryebashkiakut m\u00eb ka k\u00ebrc\u00ebnuar me jet\u00eb","gt_translate_keys":[{"key":"rendered","format":"text"}]},"content":{"rendered":"<p><img loading=\"lazy\" decoding=\"async\" class=\"aligncenter size-full wp-image-271138\" src=\"https:\/\/hashtag.al\/wp-content\/uploads\/2019\/02\/agron-ceka.jpg\" alt=\"\" width=\"905\" height=\"395\" srcset=\"https:\/\/www.hashtag.al\/wp-content\/uploads\/2019\/02\/agron-ceka.jpg 905w, https:\/\/www.hashtag.al\/wp-content\/uploads\/2019\/02\/agron-ceka-300x131.jpg 300w, https:\/\/www.hashtag.al\/wp-content\/uploads\/2019\/02\/agron-ceka-768x335.jpg 768w\" sizes=\"auto, (max-width: 905px) 100vw, 905px\" \/><\/p>\n<p><span style=\"color: #000000;\">Sekretari p\u00ebr mediat dhe \u00e7\u00ebshtjet sociale i Partis\u00eb Socialiste n\u00eb Vaun e Dej\u00ebs Agron Ceka, ka deklaruar se \u00ebsht\u00eb k\u00ebrc\u00ebnuar me jet\u00eb nga djali i kryetarit te bashkis\u00eb Vau Dej\u00ebs.<\/span><\/p>\n<p><span style=\"color: #000000;\">Sipas Cek\u00ebs, Eduart Hila, djali i kryebashkiakut Zef Hila, ka shkuar tek banesa e tij mesdit\u00ebn e djeshme dhe i ka k\u00ebrkuar q\u00eb t\u00eb mos postoj\u00eb dhe te mos b\u00ebj\u00eb komente tek faqja e Partis\u00eb Socialiste Vau Dejes n\u00eb facebook kund\u00ebr babait t\u00eb tij.<\/span><\/p>\n<p><span style=\"color: #000000;\"><em>&#8220;Shtetasi Eduart Hila m\u00eb ka k\u00ebrc\u00ebnuar se n\u00eb qoft\u00eb se un\u00eb do t\u00eb b\u00ebj edhe nj\u00eb deklarat\u00eb t\u00eb vetme, at\u00ebher\u00eb un\u00eb ose ai, nj\u00ebri nga ne nuk do t\u00eb jemi n\u00eb k\u00ebt\u00eb bot\u00eb<\/em>&#8220;,\u00a0tha Ceka p\u00ebr mediat.\u00a0<\/span><\/p>\n<p><span style=\"color: #000000;\">Sekretari socialist u k\u00ebrkoi strukturave t\u00eb policis\u00eb t\u00eb nd\u00ebrhyjn\u00eb p\u00ebr t\u00eb ndaluar k\u00ebrc\u00ebnimet q\u00eb vijn\u00eb nga njer\u00ebzit e kryebashkiakut Hila nd\u00ebrsa shtoi se do t\u00eb b\u00ebnte nj\u00eb kall\u00ebzim penal p\u00ebr ngjarjen.<\/span><\/p>\n","protected":false,"gt_translate_keys":[{"key":"rendered","format":"html"}]},"excerpt":{"rendered":"<p>Sekretari p\u00ebr mediat dhe \u00e7\u00ebshtjet sociale i Partis\u00eb Socialiste n\u00eb Vaun e Dej\u00ebs Agron Ceka, ka deklaruar se \u00ebsht\u00eb k\u00ebrc\u00ebnuar me jet\u00eb nga djali i kryetarit te bashkis\u00eb Vau Dej\u00ebs. Sipas Cek\u00ebs, Eduart Hila, djali i kryebashkiakut Zef Hila, ka shkuar tek banesa e tij mesdit\u00ebn e djeshme dhe i ka k\u00ebrkuar q\u00eb t\u00eb mos [&hellip;]<\/p>\n","protected":false,"gt_translate_keys":[{"key":"rendered","format":"html"}]},"author":30,"featured_media":271138,"comment_status":"open","ping_status":"open","sticky":false,"template":"","format":"standard","meta":{"footnotes":""},"categories":[65,13],"tags":[],"class_list":["post-271137","post","type-post","status-publish","format-standard","has-post-thumbnail","hentry","category-lajme","category-te-fundit"],"gt_translate_keys":[{"key":"link","format":"url"}],"_links":{"self":[{"href":"https:\/\/www.hashtag.al\/index.php\/wp-json\/wp\/v2\/posts\/271137","targetHints":{"allow":["GET"]}}],"collection":[{"href":"https:\/\/www.hashtag.al\/index.php\/wp-json\/wp\/v2\/posts"}],"about":[{"href":"https:\/\/www.hashtag.al\/index.php\/wp-json\/wp\/v2\/types\/post"}],"author":[{"embeddable":true,"href":"https:\/\/www.hashtag.al\/index.php\/wp-json\/wp\/v2\/users\/30"}],"replies":[{"embeddable":true,"href":"https:\/\/www.hashtag.al\/index.php\/wp-json\/wp\/v2\/comments?post=271137"}],"version-history":[{"count":0,"href":"https:\/\/www.hashtag.al\/index.php\/wp-json\/wp\/v2\/posts\/271137\/revisions"}],"wp:featuredmedia":[{"embeddable":true,"href":"https:\/\/www.hashtag.al\/index.php\/wp-json\/wp\/v2\/media\/271138"}],"wp:attachment":[{"href":"https:\/\/www.hashtag.al\/index.php\/wp-json\/wp\/v2\/media?parent=271137"}],"wp:term":[{"taxonomy":"category","embeddable":true,"href":"https:\/\/www.hashtag.al\/index.php\/wp-json\/wp\/v2\/categories?post=271137"},{"taxonomy":"post_tag","embeddable":true,"href":"https:\/\/www.hashtag.al\/index.php\/wp-json\/wp\/v2\/tags?post=271137"}],"curies":[{"name":"wp","href":"https:\/\/api.w.org\/{rel}","templated":true}]}}