{"id":270750,"date":"2019-02-01T19:20:29","date_gmt":"2019-02-01T18:20:29","guid":{"rendered":"https:\/\/hashtag.al\/?p=270750"},"modified":"2019-02-01T19:16:30","modified_gmt":"2019-02-01T18:16:30","slug":"berisha-vazhdon-perplasjen-ne-distance-me-ramen-te-pret-fati-i-maduros","status":"publish","type":"post","link":"https:\/\/www.hashtag.al\/index.php\/2019\/02\/01\/berisha-vazhdon-perplasjen-ne-distance-me-ramen-te-pret-fati-i-maduros\/","title":{"rendered":"Berisha vazhdon p\u00ebrplasjen n\u00eb distanc\u00eb me Ram\u00ebn: T\u00eb pret fati i Maduros","gt_translate_keys":[{"key":"rendered","format":"text"}]},"content":{"rendered":"<p><img loading=\"lazy\" decoding=\"async\" class=\"aligncenter size-full wp-image-176853\" src=\"https:\/\/hashtag.al\/wp-content\/uploads\/2018\/04\/saliberishaedirama.jpg\" alt=\"\" width=\"653\" height=\"388\" \/><\/p>\n<p><span style=\"color: #000000;\">Ish-kryeministri Sali Berisha nuk ndalet me sulmet ndaj kryeministrit Edi Rama. Sipas tij kryeministri k\u00ebto koh\u00eb ka marr\u00eb vet\u00ebm goditje n\u00ebn brez, si\u00e7 p\u00ebrmend ai mos realizimin e asnj\u00eb takimi zyrtar n\u00eb Berlin apo publikimet e fundit t\u00eb Z\u00ebrit t\u00eb Amerik\u00ebs p\u00ebr dosjen 339.<\/span><\/p>\n<p><span style=\"color: #000000;\">E nd\u00ebrsa i kthen p\u00ebrgjigje p\u00ebr shprehjen e artikuluar mbr\u00ebm\u00eb nga kryeministri, se Berisha \u00ebsht\u00eb nga ata q\u00eb iu futet njer\u00ebzve n\u00eb shtrat e varr, ish-kryeministri shkon m\u00eb tej dhe thot\u00eb se kryeministrin Rama e pret fati i Presidentit t\u00eb Venezuel\u00ebs, Maduro.<\/span><\/p>\n<p>&nbsp;<\/p>\n<p><span style=\"color: #000000;\"><strong>Postimi i plot\u00eb:<\/strong><\/span><\/p>\n<p><span style=\"color: #000000;\">Kur te vjen ngordhja nuk te flet goja por pasgoja!<\/span><\/p>\n<p><span style=\"color: #000000;\">Miq, keto ditet e fundit kane qene ditet e goditjeve fatale nen brez te Edvinit. Pas refuzimit te \u00e7do takimi nga Berlini zyrtar, shpalljes se Shqiperise si vendi me i korruptuar i rajonit duke u renditur per here te pare edhe pas Kosoves dhe Bosnjes se Herzegovines, goditja e meshires u dha nga transmetimi i disa regjistrimeve nga Zeri i Amerikes qe permban dosja famoze 339.<\/span><\/p>\n<p><span style=\"color: #000000;\">Keto regjistrime ambjentale dhe telefonike, te shtena ne dore ne menyre misterioze nga Zeri i Amerikes dhe qe kane sfazuar, shkallmuar perfundimisht Ramen, por edhe Famoz Gjushin, Hajn Gjiknurin dhe narko qeveritare narkodepute te tjere te organizates kriminale Ramalindja, faktojne lidhjet direkte te Rames dhe klanit me te afert te tij me bandat kriminale me te rrezikshme te vrasesve, trafikanteve te droges, perdhunuesve te Durresit, Lezhes, Peshkopise. Rregjistrimet e publikuara nga VOA faktojne se keto grupe, me metodat e tyre kriminale kane qene faktor percaktues ne rrembimin e mandateve dhe rezultatin elektoral.<\/span><\/p>\n<p><span style=\"color: #000000;\">I tmerruar dhe ne panik, i shkallmuar psiqikisht, Edvin Kristaq Urrejtja ka qe dje qe nga pasgoja ka shperthyer ne nje diare te papermbajtur dhe ne halucinacionet e tij akuzon te tjeret se po i futen ne shtrat apo \u00e7irret si i \u00e7mendur duke besuar se mund te mbrohet me ekskremente dhe, me se fundi, pasi kosumoi familjaret u kthye te keqperdor gjoja ne mbrojtje argatin e Beogradit, te cilin mbreme jo une por emisioni te Pekspozuarit i \u201cpublikoi\u201d diplomen e argatit.<\/span><br \/>\n<span style=\"color: #000000;\"> Me kete rast dua ti them Edvinit, pregatitu se as diareja nga pasgoja jote e ndyre, as ekskrementet, as dhe felliqesite e argateve nuk te shpetojne nga verdikti i 16 shkurtit.<\/span><br \/>\n<span style=\"color: #000000;\"> Urrejtja e qytetareve ndaj teje do te shnderrohet ne fuqi nukleare dhe mjere ti.<\/span><\/p>\n<p><span style=\"color: #000000;\">Fati i Maduros te pret!<\/span><\/p>\n","protected":false,"gt_translate_keys":[{"key":"rendered","format":"html"}]},"excerpt":{"rendered":"<p>Ish-kryeministri Sali Berisha nuk ndalet me sulmet ndaj kryeministrit Edi Rama. Sipas tij kryeministri k\u00ebto koh\u00eb ka marr\u00eb vet\u00ebm goditje n\u00ebn brez, si\u00e7 p\u00ebrmend ai mos realizimin e asnj\u00eb takimi zyrtar n\u00eb Berlin apo publikimet e fundit t\u00eb Z\u00ebrit t\u00eb Amerik\u00ebs p\u00ebr dosjen 339. E nd\u00ebrsa i kthen p\u00ebrgjigje p\u00ebr shprehjen e artikuluar mbr\u00ebm\u00eb nga [&hellip;]<\/p>\n","protected":false,"gt_translate_keys":[{"key":"rendered","format":"html"}]},"author":32,"featured_media":232284,"comment_status":"open","ping_status":"open","sticky":false,"template":"","format":"standard","meta":{"footnotes":""},"categories":[65,13],"tags":[],"class_list":["post-270750","post","type-post","status-publish","format-standard","has-post-thumbnail","hentry","category-lajme","category-te-fundit"],"gt_translate_keys":[{"key":"link","format":"url"}],"_links":{"self":[{"href":"https:\/\/www.hashtag.al\/index.php\/wp-json\/wp\/v2\/posts\/270750","targetHints":{"allow":["GET"]}}],"collection":[{"href":"https:\/\/www.hashtag.al\/index.php\/wp-json\/wp\/v2\/posts"}],"about":[{"href":"https:\/\/www.hashtag.al\/index.php\/wp-json\/wp\/v2\/types\/post"}],"author":[{"embeddable":true,"href":"https:\/\/www.hashtag.al\/index.php\/wp-json\/wp\/v2\/users\/32"}],"replies":[{"embeddable":true,"href":"https:\/\/www.hashtag.al\/index.php\/wp-json\/wp\/v2\/comments?post=270750"}],"version-history":[{"count":0,"href":"https:\/\/www.hashtag.al\/index.php\/wp-json\/wp\/v2\/posts\/270750\/revisions"}],"wp:featuredmedia":[{"embeddable":true,"href":"https:\/\/www.hashtag.al\/index.php\/wp-json\/"}],"wp:attachment":[{"href":"https:\/\/www.hashtag.al\/index.php\/wp-json\/wp\/v2\/media?parent=270750"}],"wp:term":[{"taxonomy":"category","embeddable":true,"href":"https:\/\/www.hashtag.al\/index.php\/wp-json\/wp\/v2\/categories?post=270750"},{"taxonomy":"post_tag","embeddable":true,"href":"https:\/\/www.hashtag.al\/index.php\/wp-json\/wp\/v2\/tags?post=270750"}],"curies":[{"name":"wp","href":"https:\/\/api.w.org\/{rel}","templated":true}]}}