{"id":270575,"date":"2019-02-01T11:08:15","date_gmt":"2019-02-01T10:08:15","guid":{"rendered":"https:\/\/hashtag.al\/?p=270575"},"modified":"2019-02-01T11:14:02","modified_gmt":"2019-02-01T10:14:02","slug":"perfundon-takimi-me-ministren-mark-marku-srame-dakord-per-asgje-presim-deri-ne-darke","status":"publish","type":"post","link":"https:\/\/www.hashtag.al\/index.php\/2019\/02\/01\/perfundon-takimi-me-ministren-mark-marku-srame-dakord-per-asgje-presim-deri-ne-darke\/","title":{"rendered":"P\u00ebrfundon takimi me ministren, Mark Marku: S&#8217;ram\u00eb dakord p\u00ebr asgj\u00eb, presim deri n\u00eb dark\u00eb","gt_translate_keys":[{"key":"rendered","format":"text"}]},"content":{"rendered":"<p>&nbsp;<\/p>\n<p><span style=\"color: #000000;\"><img loading=\"lazy\" decoding=\"async\" class=\"aligncenter size-full wp-image-270579\" src=\"https:\/\/hashtag.al\/wp-content\/uploads\/2019\/02\/Mark-Marku.jpg\" alt=\"\" width=\"1701\" height=\"1115\" srcset=\"https:\/\/www.hashtag.al\/wp-content\/uploads\/2019\/02\/Mark-Marku.jpg 1701w, https:\/\/www.hashtag.al\/wp-content\/uploads\/2019\/02\/Mark-Marku-300x197.jpg 300w, https:\/\/www.hashtag.al\/wp-content\/uploads\/2019\/02\/Mark-Marku-768x503.jpg 768w, https:\/\/www.hashtag.al\/wp-content\/uploads\/2019\/02\/Mark-Marku-1024x671.jpg 1024w\" sizes=\"auto, (max-width: 1701px) 100vw, 1701px\" \/><\/span><\/p>\n<p><span style=\"color: #000000;\">Ka p\u00ebrfunduar mbledhja e pedagog\u00ebve t\u00eb Universitetit t\u00eb Tiran\u00ebs me ministren e Arsimit, Besa Shahini. N\u00eb nj\u00eb dalje p\u00ebr mediat, shefi i Departamentit t\u00eb Gazetaris\u00eb Mark Marku, tha se nuk kan\u00eb r\u00ebn\u00eb dakord p\u00ebr asgj\u00eb me ministren dhe se do presin ende nj\u00eb p\u00ebrgjigje nga ajo. N\u00eb dark\u00eb do t\u00eb b\u00ebhet mbledhja e Asambles\u00eb s\u00eb Universitetit t\u00eb Tiran\u00ebs, ku sipas Markut mund t\u00eb merret vendimi p\u00ebr grev\u00eb t\u00eb pedagog\u00ebve.<\/span><\/p>\n<p><span style=\"color: #000000;\"><em>&#8220;Ne diskutuam p\u00ebr gjendjen n\u00eb Universitet dhe i q\u00ebndruam pak a shum\u00eb k\u00ebrkesave q\u00eb kemi parashtruar. Nuk pati nj\u00eb q\u00ebndrim konkret nga ana e ministres, nuk u shpreh gjat\u00eb takimit p\u00ebr asnj\u00eb nga k\u00ebrkesat. Tentoi ta \u00e7oj\u00eb takimin n\u00eb nj\u00eb diskutim jorezultativ nga ana e k\u00ebrkesave. Presim deri n\u00eb dark\u00eb dhe pastaj do b\u00ebjm\u00eb mbledhjen e asambles\u00eb. Vendimi p\u00ebr grev\u00eb do merret nga pedagog\u00ebt. Do presim deri n\u00eb dark\u00eb&#8230;<\/em><\/span><\/p>\n<p><span style=\"color: #000000;\"><em>U diskutua shum\u00eb, por nuk ram\u00eb dakord p\u00ebr asgj\u00eb sepse ministrja nuk mori asnj\u00eb angazhim n\u00eb raport me k\u00ebrkesat dhe shqet\u00ebsimet e pedagog\u00ebve p\u00ebr student\u00ebt.<\/em><\/span><\/p>\n<p><span style=\"color: #000000;\"><em>Takimi ishte konstruktiv deri n\u00eb momentin e fundit, qam\u00eb hallet, nuk pranuam t\u00eb negocionim p\u00ebr k\u00ebrkesat, n\u00eb fund ministrja u p\u00ebrpoq t\u00eb na bindte se sa i mir\u00eb ishte pakti, n\u00eb nj\u00eb m\u00ebnyr\u00eb ishte fyese se kemi kapacitetin intelektuar p\u00ebr ta kuptuar.&#8221;<\/em>, u shpreh Marku.<\/span><\/p>\n<p><span style=\"color: #000000;\">Pedagog\u00ebt e Universitetit t\u00eb Tiran\u00ebs shkuan n\u00eb nj\u00eb mbledhje me ministren e re t\u00eb Arsimit, Besa Shahini, pasi sot skadon afati q\u00eb i kan\u00eb dh\u00ebn\u00eb ministres p\u00ebr t\u2019iu p\u00ebrgjigjur k\u00ebrkesave t\u00eb tyre,\u00a0p\u00ebr Ligjin p\u00ebr Arsimin e Lart\u00eb.<\/span><\/p>\n<p><span style=\"color: #000000;\">M\u00eb 25 janar,\u00a0Pedagog\u00ebt e Universitetit t\u00eb Tiran\u00ebs si dhe Senatet Akademike i dhan\u00eb qeveris\u00eb nj\u00eb jav\u00eb koh\u00eb p\u00ebr t\u00eb anuluar\u00a0\u201cLigjin p\u00ebr Arsimin e Lart\u00eb\u201d.<\/span><\/p>\n<p><span style=\"color: #000000;\">Mbledhja ku u mor vendimi u zhvillua n\u00eb Qytetin Studenti, ku nd\u00ebr t\u00eb tjera Asambleja e Universitetit t\u00eb Tiran\u00ebs k\u00ebrkoi edhe rishikimin e VKM-ve t\u00eb qeveris\u00eb, shprehu mb\u00ebshtetjen p\u00ebr protest\u00ebn e student\u00ebve si dhe k\u00ebrkoi miratimin e statusit t\u00eb pedagogut.<\/span><\/p>\n<p><span style=\"color: #000000;\">Ata kan\u00eb k\u00ebrc\u00ebnuar se n\u00ebse k\u00ebrkesat e tyre nuk plot\u00ebsohen, do ta p\u00ebrshkall\u00ebzojn\u00eb protest\u00ebn n\u00eb grev\u00eb urie.<\/span><\/p>\n<p><span style=\"color: #000000;\"><img loading=\"lazy\" decoding=\"async\" class=\"aligncenter size-full wp-image-158306\" src=\"https:\/\/hashtag.al\/wp-content\/uploads\/2018\/02\/pedagoget1.jpg\" alt=\"\" width=\"1068\" height=\"712\" \/><\/span><\/p>\n","protected":false,"gt_translate_keys":[{"key":"rendered","format":"html"}]},"excerpt":{"rendered":"<p>&nbsp; Ka p\u00ebrfunduar mbledhja e pedagog\u00ebve t\u00eb Universitetit t\u00eb Tiran\u00ebs me ministren e Arsimit, Besa Shahini. N\u00eb nj\u00eb dalje p\u00ebr mediat, shefi i Departamentit t\u00eb Gazetaris\u00eb Mark Marku, tha se nuk kan\u00eb r\u00ebn\u00eb dakord p\u00ebr asgj\u00eb me ministren dhe se do presin ende nj\u00eb p\u00ebrgjigje nga ajo. N\u00eb dark\u00eb do t\u00eb b\u00ebhet mbledhja e Asambles\u00eb [&hellip;]<\/p>\n","protected":false,"gt_translate_keys":[{"key":"rendered","format":"html"}]},"author":30,"featured_media":270579,"comment_status":"open","ping_status":"open","sticky":false,"template":"","format":"standard","meta":{"footnotes":""},"categories":[65,13],"tags":[],"class_list":["post-270575","post","type-post","status-publish","format-standard","has-post-thumbnail","hentry","category-lajme","category-te-fundit"],"gt_translate_keys":[{"key":"link","format":"url"}],"_links":{"self":[{"href":"https:\/\/www.hashtag.al\/index.php\/wp-json\/wp\/v2\/posts\/270575","targetHints":{"allow":["GET"]}}],"collection":[{"href":"https:\/\/www.hashtag.al\/index.php\/wp-json\/wp\/v2\/posts"}],"about":[{"href":"https:\/\/www.hashtag.al\/index.php\/wp-json\/wp\/v2\/types\/post"}],"author":[{"embeddable":true,"href":"https:\/\/www.hashtag.al\/index.php\/wp-json\/wp\/v2\/users\/30"}],"replies":[{"embeddable":true,"href":"https:\/\/www.hashtag.al\/index.php\/wp-json\/wp\/v2\/comments?post=270575"}],"version-history":[{"count":0,"href":"https:\/\/www.hashtag.al\/index.php\/wp-json\/wp\/v2\/posts\/270575\/revisions"}],"wp:featuredmedia":[{"embeddable":true,"href":"https:\/\/www.hashtag.al\/index.php\/wp-json\/wp\/v2\/media\/270579"}],"wp:attachment":[{"href":"https:\/\/www.hashtag.al\/index.php\/wp-json\/wp\/v2\/media?parent=270575"}],"wp:term":[{"taxonomy":"category","embeddable":true,"href":"https:\/\/www.hashtag.al\/index.php\/wp-json\/wp\/v2\/categories?post=270575"},{"taxonomy":"post_tag","embeddable":true,"href":"https:\/\/www.hashtag.al\/index.php\/wp-json\/wp\/v2\/tags?post=270575"}],"curies":[{"name":"wp","href":"https:\/\/api.w.org\/{rel}","templated":true}]}}