{"id":270566,"date":"2019-02-01T10:41:10","date_gmt":"2019-02-01T09:41:10","guid":{"rendered":"https:\/\/hashtag.al\/?p=270566"},"modified":"2019-02-01T10:44:26","modified_gmt":"2019-02-01T09:44:26","slug":"rama-i-del-ne-krah-thacit-e-sulmon-berishen-furnizoi-me-nafte-tanket-e-kasapit-te-beogradit","status":"publish","type":"post","link":"https:\/\/www.hashtag.al\/index.php\/2019\/02\/01\/rama-i-del-ne-krah-thacit-e-sulmon-berishen-furnizoi-me-nafte-tanket-e-kasapit-te-beogradit\/","title":{"rendered":"Rama i del n\u00eb krah Tha\u00e7it e sulmon Berish\u00ebn: Furnizoi me naft\u00eb tanket e Kasapit t\u00eb Beogradit","gt_translate_keys":[{"key":"rendered","format":"text"}]},"content":{"rendered":"<p><span style=\"color: #000000;\"><img loading=\"lazy\" decoding=\"async\" class=\"aligncenter size-full wp-image-270335\" src=\"https:\/\/hashtag.al\/wp-content\/uploads\/2019\/01\/ramaberisha31janar.jpg\" alt=\"\" width=\"2000\" height=\"1000\" srcset=\"https:\/\/www.hashtag.al\/wp-content\/uploads\/2019\/01\/ramaberisha31janar.jpg 2000w, https:\/\/www.hashtag.al\/wp-content\/uploads\/2019\/01\/ramaberisha31janar-300x150.jpg 300w, https:\/\/www.hashtag.al\/wp-content\/uploads\/2019\/01\/ramaberisha31janar-768x384.jpg 768w, https:\/\/www.hashtag.al\/wp-content\/uploads\/2019\/01\/ramaberisha31janar-1024x512.jpg 1024w\" sizes=\"auto, (max-width: 2000px) 100vw, 2000px\" \/><\/span><\/p>\n<p><span style=\"color: #000000;\">Kryeministri Edi Rama ka reaguar pas injorimit q\u00eb ish-kryeministri Sali Berisha, i b\u00ebri presidentit t\u00eb Kosov\u00ebs HAshim Tha\u00e7i, duke refuzuar k\u00ebrkes\u00ebn e tij p\u00ebr debat televiziv.<\/span><\/p>\n<p><span style=\"color: #000000;\">Rama ka sulmuar Berish\u00ebn duke e akuzuar se \u00a0furnizoi me naft\u00eb tanket e Beogradit dhe shpalli terrorist\u00eb luft\u00ebtar\u00ebt e U\u00c7K.<\/span><\/p>\n<p><span style=\"color: #000000;\"><em>&#8220;Furnizoi me naft\u00eb tanket e Kasapit t\u00eb Beogradit. B\u00ebri thirrje p\u00ebr t\u00eb refuzuar Rambujen\u00eb. Shpalli terrorist\u00eb marksist\u00eb-leninist\u00eb luft\u00ebtar\u00ebt e U\u00c7K. Ibrahim Rugova s&#8217;denjoi t&#8217;i fliste m\u00eb derisa vdiq. Sot e quan Presidentin e Kosov\u00ebs argat albanofob t\u00eb Beogradit! Vesi del me shpirtin.&#8221;,<\/em> shkruan Rama.<\/span><\/p>\n<p><span style=\"color: #000000;\">Kujtojm\u00eb se mbr\u00ebmjen e kaluar, nd\u00ebrsa ishte i ftuar n\u00eb emisionin \u201cT\u00eb Paekspozuarit\u201d t\u00eb Ylli Rakipit, Hashim Tha\u00e7i ftoi ish-kryeministrin Berisha n\u00eb nj\u00eb debat televiziv, n\u00eb lidhje me marr\u00ebveshjen mes Kosov\u00ebs dhe Serbis\u00eb.<\/span><\/p>\n<p><span style=\"color: #000000;\">Por n\u00eb nj\u00eb prononcim p\u00ebr<span style=\"color: #0000ff;\">\u00a0<a style=\"color: #0000ff;\" href=\"https:\/\/www.gazetaexpress.com\/lajme\/berisha-i-pergjigjet-thacit-me-perpara-dal-ne-debat-me-vuciqin-sesa-me-ty-621924\/\">\u201cGazet\u00ebn Ekspress\u201d<\/a>,<\/span> Berisha tha:\u00a0<em>\u201cPo t\u00eb jet\u00eb p\u00ebr debat, para nj\u00eb argati shqipfol\u00ebs albanofob, dhe nj\u00eb patroni t\u00eb tij n\u00eb Beograd, p\u00ebr ballafaqim do t\u00eb preferoja k\u00ebt\u00eb t\u00eb fundit. K\u00ebt\u00eb e kam shprehur edhe m\u00eb par\u00eb\u201d.<\/em><\/span><\/p>\n<p><span style=\"color: #000000;\">Sipas Berish\u00ebs, plani i Tha\u00e7it p\u00ebr kufijt\u00eb, n\u00ebnkupton ndarjen e Kosov\u00ebs dhe ai po ndjek planet e Serbis\u00eb p\u00ebr Kosov\u00ebn.<\/span><\/p>\n","protected":false,"gt_translate_keys":[{"key":"rendered","format":"html"}]},"excerpt":{"rendered":"<p>Kryeministri Edi Rama ka reaguar pas injorimit q\u00eb ish-kryeministri Sali Berisha, i b\u00ebri presidentit t\u00eb Kosov\u00ebs HAshim Tha\u00e7i, duke refuzuar k\u00ebrkes\u00ebn e tij p\u00ebr debat televiziv. Rama ka sulmuar Berish\u00ebn duke e akuzuar se \u00a0furnizoi me naft\u00eb tanket e Beogradit dhe shpalli terrorist\u00eb luft\u00ebtar\u00ebt e U\u00c7K. &#8220;Furnizoi me naft\u00eb tanket e Kasapit t\u00eb Beogradit. B\u00ebri [&hellip;]<\/p>\n","protected":false,"gt_translate_keys":[{"key":"rendered","format":"html"}]},"author":30,"featured_media":259928,"comment_status":"open","ping_status":"open","sticky":false,"template":"","format":"standard","meta":{"footnotes":""},"categories":[65],"tags":[],"class_list":["post-270566","post","type-post","status-publish","format-standard","has-post-thumbnail","hentry","category-lajme"],"gt_translate_keys":[{"key":"link","format":"url"}],"_links":{"self":[{"href":"https:\/\/www.hashtag.al\/index.php\/wp-json\/wp\/v2\/posts\/270566","targetHints":{"allow":["GET"]}}],"collection":[{"href":"https:\/\/www.hashtag.al\/index.php\/wp-json\/wp\/v2\/posts"}],"about":[{"href":"https:\/\/www.hashtag.al\/index.php\/wp-json\/wp\/v2\/types\/post"}],"author":[{"embeddable":true,"href":"https:\/\/www.hashtag.al\/index.php\/wp-json\/wp\/v2\/users\/30"}],"replies":[{"embeddable":true,"href":"https:\/\/www.hashtag.al\/index.php\/wp-json\/wp\/v2\/comments?post=270566"}],"version-history":[{"count":0,"href":"https:\/\/www.hashtag.al\/index.php\/wp-json\/wp\/v2\/posts\/270566\/revisions"}],"wp:featuredmedia":[{"embeddable":true,"href":"https:\/\/www.hashtag.al\/index.php\/wp-json\/wp\/v2\/media\/259928"}],"wp:attachment":[{"href":"https:\/\/www.hashtag.al\/index.php\/wp-json\/wp\/v2\/media?parent=270566"}],"wp:term":[{"taxonomy":"category","embeddable":true,"href":"https:\/\/www.hashtag.al\/index.php\/wp-json\/wp\/v2\/categories?post=270566"},{"taxonomy":"post_tag","embeddable":true,"href":"https:\/\/www.hashtag.al\/index.php\/wp-json\/wp\/v2\/tags?post=270566"}],"curies":[{"name":"wp","href":"https:\/\/api.w.org\/{rel}","templated":true}]}}