{"id":270560,"date":"2019-02-01T10:34:32","date_gmt":"2019-02-01T09:34:32","guid":{"rendered":"https:\/\/hashtag.al\/?p=270560"},"modified":"2019-02-01T10:36:53","modified_gmt":"2019-02-01T09:36:53","slug":"qellohet-me-thike-nga-afrikani-humb-jeten-25-vjecari-shqiptar-ne-gjermani","status":"publish","type":"post","link":"https:\/\/www.hashtag.al\/index.php\/2019\/02\/01\/qellohet-me-thike-nga-afrikani-humb-jeten-25-vjecari-shqiptar-ne-gjermani\/","title":{"rendered":"Q\u00ebllohet me thik\u00eb nga afrikani, humb jet\u00ebn 25-vje\u00e7ari shqiptar n\u00eb Gjermani","gt_translate_keys":[{"key":"rendered","format":"text"}]},"content":{"rendered":"<p><img loading=\"lazy\" decoding=\"async\" class=\"aligncenter size-full wp-image-270561\" src=\"https:\/\/hashtag.al\/wp-content\/uploads\/2019\/02\/ridvani.jpg\" alt=\"\" width=\"884\" height=\"530\" srcset=\"https:\/\/www.hashtag.al\/wp-content\/uploads\/2019\/02\/ridvani.jpg 884w, https:\/\/www.hashtag.al\/wp-content\/uploads\/2019\/02\/ridvani-300x180.jpg 300w, https:\/\/www.hashtag.al\/wp-content\/uploads\/2019\/02\/ridvani-768x460.jpg 768w\" sizes=\"auto, (max-width: 884px) 100vw, 884px\" \/><\/p>\n<p><span style=\"color: #000000;\">Nj\u00eb i ri shqiptar ka humbur jet\u00ebn n\u00eb m\u00ebnyr\u00eb tragjike n\u00eb Gjermani, pasi \u00ebsht\u00eb vrar\u00eb nga nj\u00eb shtetas afgan.<\/span><\/p>\n<p><span style=\"color: #000000;\">M\u00ebsohet se afgani ka q\u00eblluar me thik\u00eb 25-vje\u00e7arin shqiptar Ridjan Myftari, i cili ka humbur jet\u00ebn, si dhe kush\u00ebririn e tij,\u00a0 i cili ka mbetur i plagosur r\u00ebnd\u00eb.<\/span><\/p>\n<p><span style=\"color: #000000;\">Ngjarja ka ndodhur disa dit\u00eb m\u00eb par\u00eb n\u00eb Gjermani, ku i riu kishte shkuar prej disa muajsh.<\/span><\/p>\n<p><span style=\"color: #000000;\">Afgani e ka q\u00eblluar kush\u00ebririn e 25-vje\u00e7arit 6 her\u00eb me thik\u00eb nd\u00ebrsa Ridjanin vet\u00ebm nj\u00eb her\u00eb. Por\u00a0 kjo goditje\u00a0<\/span><span style=\"color: #000000;\">ka qen\u00eb aq e fort\u00eb saq\u00eb<\/span><span style=\"color: #000000;\">\u00a0i ka marr\u00eb jet\u00ebn. Familjar\u00ebt e t\u00eb riut kan\u00eb shkuar n\u00eb Gjermani dhe jan\u00eb n\u00eb pritje p\u00ebr t\u00eb sjell\u00eb trupin e tij n\u00eb vendlindje.<\/span><\/p>\n<p><img loading=\"lazy\" decoding=\"async\" class=\"aligncenter size-full wp-image-270564\" src=\"https:\/\/hashtag.al\/wp-content\/uploads\/2019\/02\/shqiptar.jpg\" alt=\"\" width=\"696\" height=\"696\" srcset=\"https:\/\/www.hashtag.al\/wp-content\/uploads\/2019\/02\/shqiptar.jpg 696w, https:\/\/www.hashtag.al\/wp-content\/uploads\/2019\/02\/shqiptar-150x150.jpg 150w, https:\/\/www.hashtag.al\/wp-content\/uploads\/2019\/02\/shqiptar-300x300.jpg 300w, https:\/\/www.hashtag.al\/wp-content\/uploads\/2019\/02\/shqiptar-120x120.jpg 120w\" sizes=\"auto, (max-width: 696px) 100vw, 696px\" \/><\/p>\n<p>&nbsp;<\/p>\n<p>&nbsp;<\/p>\n","protected":false,"gt_translate_keys":[{"key":"rendered","format":"html"}]},"excerpt":{"rendered":"<p>Nj\u00eb i ri shqiptar ka humbur jet\u00ebn n\u00eb m\u00ebnyr\u00eb tragjike n\u00eb Gjermani, pasi \u00ebsht\u00eb vrar\u00eb nga nj\u00eb shtetas afgan. M\u00ebsohet se afgani ka q\u00eblluar me thik\u00eb 25-vje\u00e7arin shqiptar Ridjan Myftari, i cili ka humbur jet\u00ebn, si dhe kush\u00ebririn e tij,\u00a0 i cili ka mbetur i plagosur r\u00ebnd\u00eb. Ngjarja ka ndodhur disa dit\u00eb m\u00eb par\u00eb n\u00eb [&hellip;]<\/p>\n","protected":false,"gt_translate_keys":[{"key":"rendered","format":"html"}]},"author":30,"featured_media":270561,"comment_status":"open","ping_status":"open","sticky":false,"template":"","format":"standard","meta":{"footnotes":""},"categories":[65,13],"tags":[],"class_list":["post-270560","post","type-post","status-publish","format-standard","has-post-thumbnail","hentry","category-lajme","category-te-fundit"],"gt_translate_keys":[{"key":"link","format":"url"}],"_links":{"self":[{"href":"https:\/\/www.hashtag.al\/index.php\/wp-json\/wp\/v2\/posts\/270560","targetHints":{"allow":["GET"]}}],"collection":[{"href":"https:\/\/www.hashtag.al\/index.php\/wp-json\/wp\/v2\/posts"}],"about":[{"href":"https:\/\/www.hashtag.al\/index.php\/wp-json\/wp\/v2\/types\/post"}],"author":[{"embeddable":true,"href":"https:\/\/www.hashtag.al\/index.php\/wp-json\/wp\/v2\/users\/30"}],"replies":[{"embeddable":true,"href":"https:\/\/www.hashtag.al\/index.php\/wp-json\/wp\/v2\/comments?post=270560"}],"version-history":[{"count":0,"href":"https:\/\/www.hashtag.al\/index.php\/wp-json\/wp\/v2\/posts\/270560\/revisions"}],"wp:featuredmedia":[{"embeddable":true,"href":"https:\/\/www.hashtag.al\/index.php\/wp-json\/wp\/v2\/media\/270561"}],"wp:attachment":[{"href":"https:\/\/www.hashtag.al\/index.php\/wp-json\/wp\/v2\/media?parent=270560"}],"wp:term":[{"taxonomy":"category","embeddable":true,"href":"https:\/\/www.hashtag.al\/index.php\/wp-json\/wp\/v2\/categories?post=270560"},{"taxonomy":"post_tag","embeddable":true,"href":"https:\/\/www.hashtag.al\/index.php\/wp-json\/wp\/v2\/tags?post=270560"}],"curies":[{"name":"wp","href":"https:\/\/api.w.org\/{rel}","templated":true}]}}