{"id":270487,"date":"2019-02-01T07:33:30","date_gmt":"2019-02-01T06:33:30","guid":{"rendered":"https:\/\/hashtag.al\/?p=270487"},"modified":"2019-02-01T07:33:30","modified_gmt":"2019-02-01T06:33:30","slug":"berisha-injoron-ftesen-e-thacit-me-pare-bisedoj-me-vucic","status":"publish","type":"post","link":"https:\/\/www.hashtag.al\/index.php\/2019\/02\/01\/berisha-injoron-ftesen-e-thacit-me-pare-bisedoj-me-vucic\/","title":{"rendered":"Berisha injoron ftes\u00ebn e Tha\u00e7it: M\u00eb par\u00eb bisedoj me Vu\u00e7i\u00e7","gt_translate_keys":[{"key":"rendered","format":"text"}]},"content":{"rendered":"<p><img loading=\"lazy\" decoding=\"async\" class=\"aligncenter size-full wp-image-221324\" src=\"https:\/\/hashtag.al\/wp-content\/uploads\/2018\/08\/thaci-berisha.jpg\" alt=\"\" width=\"2000\" height=\"1217\" \/><\/p>\n<p><span style=\"color: #000000;\"><em>&#8220;M\u00eb mir\u00eb me Vu\u00e7i\u00e7in se sa me Tha\u00e7in&#8221;,<\/em> kjo \u00ebsht\u00eb p\u00ebrgjigja q\u00eb ish-kryeministri Sali Berisha i ka kthyer Presidentit t\u00eb Kosov\u00ebs, Hashim Tha\u00e7i, pas ftes\u00ebs s\u00eb tij p\u00ebr nj\u00eb debat televiziv n\u00eb lidhje me marr\u00ebveshjen mes Kosov\u00ebs dhe Serbis\u00eb.<\/span><\/p>\n<p><span style=\"color: #000000;\">N\u00eb nj\u00eb prononcim p\u00ebr <span style=\"color: #0000ff;\"><a style=\"color: #0000ff;\" href=\"https:\/\/www.gazetaexpress.com\/lajme\/berisha-i-pergjigjet-thacit-me-perpara-dal-ne-debat-me-vuciqin-sesa-me-ty-621924\/\">&#8220;Gazet\u00ebn Ekspress&#8221;<\/a><\/span>, Berisha tha: <em>\u201cPo t\u00eb jet\u00eb p\u00ebr debat, para nj\u00eb argati shqipfol\u00ebs albanofob, dhe nj\u00eb patroni t\u00eb tij n\u00eb Beograd, p\u00ebr ballafaqim do t\u00eb preferoja k\u00ebt\u00eb t\u00eb fundit. K\u00ebt\u00eb e kam shprehur edhe m\u00eb par\u00eb\u201d.<\/em><\/span><\/p>\n<p><span style=\"color: #000000;\">Nd\u00ebrsa ishte i ftuar n\u00eb emisionin &#8220;T\u00eb Paekspozuarit&#8221; t\u00eb Ylli Rakipit, Hashim Tha\u00e7i ftoi ish-kryeministrin Berisha n\u00eb nj\u00eb debat televiziv, pas deklaratave t\u00eb k\u00ebtij t\u00eb fundit se plani i Tha\u00e7it p\u00ebr kufijt\u00eb, n\u00ebnkupton ndarjen e Kosov\u00ebs.<\/span><\/p>\n<p><span style=\"color: #000000;\">Sipas Berish\u00ebs, Tha\u00e7i po ndjek planet e Serbis\u00eb p\u00ebr Kosov\u00ebn.<\/span><\/p>\n<p>&nbsp;<\/p>\n","protected":false,"gt_translate_keys":[{"key":"rendered","format":"html"}]},"excerpt":{"rendered":"<p>&#8220;M\u00eb mir\u00eb me Vu\u00e7i\u00e7in se sa me Tha\u00e7in&#8221;, kjo \u00ebsht\u00eb p\u00ebrgjigja q\u00eb ish-kryeministri Sali Berisha i ka kthyer Presidentit t\u00eb Kosov\u00ebs, Hashim Tha\u00e7i, pas ftes\u00ebs s\u00eb tij p\u00ebr nj\u00eb debat televiziv n\u00eb lidhje me marr\u00ebveshjen mes Kosov\u00ebs dhe Serbis\u00eb. N\u00eb nj\u00eb prononcim p\u00ebr &#8220;Gazet\u00ebn Ekspress&#8221;, Berisha tha: \u201cPo t\u00eb jet\u00eb p\u00ebr debat, para nj\u00eb argati [&hellip;]<\/p>\n","protected":false,"gt_translate_keys":[{"key":"rendered","format":"html"}]},"author":30,"featured_media":221324,"comment_status":"open","ping_status":"open","sticky":false,"template":"","format":"standard","meta":{"footnotes":""},"categories":[65,13],"tags":[],"class_list":["post-270487","post","type-post","status-publish","format-standard","has-post-thumbnail","hentry","category-lajme","category-te-fundit"],"gt_translate_keys":[{"key":"link","format":"url"}],"_links":{"self":[{"href":"https:\/\/www.hashtag.al\/index.php\/wp-json\/wp\/v2\/posts\/270487","targetHints":{"allow":["GET"]}}],"collection":[{"href":"https:\/\/www.hashtag.al\/index.php\/wp-json\/wp\/v2\/posts"}],"about":[{"href":"https:\/\/www.hashtag.al\/index.php\/wp-json\/wp\/v2\/types\/post"}],"author":[{"embeddable":true,"href":"https:\/\/www.hashtag.al\/index.php\/wp-json\/wp\/v2\/users\/30"}],"replies":[{"embeddable":true,"href":"https:\/\/www.hashtag.al\/index.php\/wp-json\/wp\/v2\/comments?post=270487"}],"version-history":[{"count":0,"href":"https:\/\/www.hashtag.al\/index.php\/wp-json\/wp\/v2\/posts\/270487\/revisions"}],"wp:featuredmedia":[{"embeddable":true,"href":"https:\/\/www.hashtag.al\/index.php\/wp-json\/"}],"wp:attachment":[{"href":"https:\/\/www.hashtag.al\/index.php\/wp-json\/wp\/v2\/media?parent=270487"}],"wp:term":[{"taxonomy":"category","embeddable":true,"href":"https:\/\/www.hashtag.al\/index.php\/wp-json\/wp\/v2\/categories?post=270487"},{"taxonomy":"post_tag","embeddable":true,"href":"https:\/\/www.hashtag.al\/index.php\/wp-json\/wp\/v2\/tags?post=270487"}],"curies":[{"name":"wp","href":"https:\/\/api.w.org\/{rel}","templated":true}]}}