{"id":270433,"date":"2019-01-31T18:57:27","date_gmt":"2019-01-31T17:57:27","guid":{"rendered":"https:\/\/hashtag.al\/?p=270433"},"modified":"2019-01-31T19:51:28","modified_gmt":"2019-01-31T18:51:28","slug":"270433","status":"publish","type":"post","link":"https:\/\/www.hashtag.al\/index.php\/2019\/01\/31\/270433\/","title":{"rendered":"K\u00ebshilli Bashkiak voton koncesionin e parkingjeve n\u00eb Tiran\u00eb","gt_translate_keys":[{"key":"rendered","format":"text"}]},"content":{"rendered":"<div class=\"article-introtext\">\n<p><img loading=\"lazy\" decoding=\"async\" class=\"alignnone size-full wp-image-270426\" src=\"https:\/\/hashtag.al\/wp-content\/uploads\/2019\/01\/88-2.jpg\" alt=\"\" width=\"780\" height=\"405\" srcset=\"https:\/\/www.hashtag.al\/wp-content\/uploads\/2019\/01\/88-2.jpg 780w, https:\/\/www.hashtag.al\/wp-content\/uploads\/2019\/01\/88-2-300x156.jpg 300w, https:\/\/www.hashtag.al\/wp-content\/uploads\/2019\/01\/88-2-768x399.jpg 768w\" sizes=\"auto, (max-width: 780px) 100vw, 780px\" \/><\/p>\n<p><span style=\"color: #000000;\">Bashkia e Tiran\u00eb ka miratuar ndryshimin p\u00ebr parkingjet n\u00eb Tiran\u00eb. Tashm\u00eb parkimet n\u00eb Tiran\u00eb do t\u00eb administrohen edhe nga\u00a0subjekte private.\u00a0 N\u00eb lidhje me \u00e7\u00ebshtjen e parkingjeve me koncesion foli edhe kreu i Bashkis\u00eb Erion Veliaj, i cili u shpreh se po b\u00ebhet shum\u00eb zhurm\u00eb p\u00ebr asgj\u00eb, pasi sipas tij nuk b\u00ebhet fjal\u00eb p\u00ebr Agjencin\u00eb e Parkimeve, por p\u00ebr m\u00ebnyr\u00ebn e pages\u00ebs.<\/span><\/p>\n<p><span style=\"color: #000000;\">\u201cPo b\u00ebhet shum\u00eb zhurm\u00eb p\u00ebr asgj\u00eb, k\u00ebto jan\u00eb thjesht\u00eb konspiracione. Nuk e japim me koncesion Agjencin\u00eb e Parkimeve, nuk jemi budallenj ta japim me koncesion. B\u00ebhet fjal\u00eb vet\u00ebm p\u00ebr m\u00ebnyr\u00ebn e pages\u00ebs\u201d, u shpreh Veliaj.<\/span><\/p>\n<p><span style=\"color: #000000;\">Pas debateve n\u00eb mbledhjen e K\u00ebshillit k\u00ebshilltar\u00ebt e LSI-s\u00eb u larguan nga mbledhja pasi sipas tyre nuk jan\u00eb t\u00eb nevojshme koncesionet e paarsyetuara.\u00a0K\u00ebshilltar\u00ebt e LSI-s\u00eb k\u00ebrkuan q\u00eb vendosjen e makinetave ta b\u00ebj\u00eb firma q\u00eb menaxhon parkimet, duke i bler\u00eb vet\u00eb aparaturat q\u00eb jan\u00eb t\u00eb zakonshme n\u00eb shum\u00eb qytete t\u00eb bot\u00ebs.<\/span><\/p>\n<p><span style=\"color: #000000;\">Por k\u00ebshilltar\u00ebt e majt\u00eb e votuan k\u00ebt\u00eb vendim.\u00a0 \u00a0Dje, opozita akuzoi bashkin\u00eb e Tiran\u00ebs se fshihej prapa nj\u00eb koncesioni q\u00eb shton kostot p\u00ebr pakimet publike n\u00eb Tiran\u00eb, duke krijuar nj\u00eb skem\u00eb korruptive, por bashkia u p\u00ebrgjigj se nuk ishte koncesion, por nj\u00eb m\u00ebnyr\u00eb tjet\u00ebr pagese p\u00ebr t\u00eb leht\u00ebsuar qytetar\u00ebt, t\u00eb cil\u00ebt mund t\u00eb mos ken\u00eb kredite n\u00eb telefon\u00ebt e tyre p\u00ebr t\u00eb paguar me SMS .<\/span><\/p>\n<\/div>\n<div class=\"article-fulltext\">\n<p><img loading=\"lazy\" decoding=\"async\" class=\"alignnone size-full wp-image-270426\" src=\"https:\/\/hashtag.al\/wp-content\/uploads\/2019\/01\/88-2.jpg\" alt=\"\" width=\"780\" height=\"405\" srcset=\"https:\/\/www.hashtag.al\/wp-content\/uploads\/2019\/01\/88-2.jpg 780w, https:\/\/www.hashtag.al\/wp-content\/uploads\/2019\/01\/88-2-300x156.jpg 300w, https:\/\/www.hashtag.al\/wp-content\/uploads\/2019\/01\/88-2-768x399.jpg 768w\" sizes=\"auto, (max-width: 780px) 100vw, 780px\" \/> <img loading=\"lazy\" decoding=\"async\" class=\"alignnone size-full wp-image-270443\" src=\"https:\/\/hashtag.al\/wp-content\/uploads\/2019\/01\/veliaj-7.jpg\" alt=\"\" width=\"967\" height=\"681\" srcset=\"https:\/\/www.hashtag.al\/wp-content\/uploads\/2019\/01\/veliaj-7.jpg 967w, https:\/\/www.hashtag.al\/wp-content\/uploads\/2019\/01\/veliaj-7-300x211.jpg 300w, https:\/\/www.hashtag.al\/wp-content\/uploads\/2019\/01\/veliaj-7-768x541.jpg 768w\" sizes=\"auto, (max-width: 967px) 100vw, 967px\" \/><\/p>\n<\/div>\n","protected":false,"gt_translate_keys":[{"key":"rendered","format":"html"}]},"excerpt":{"rendered":"<p>Bashkia e Tiran\u00eb ka miratuar ndryshimin p\u00ebr parkingjet n\u00eb Tiran\u00eb. Tashm\u00eb parkimet n\u00eb Tiran\u00eb do t\u00eb administrohen edhe nga\u00a0subjekte private.\u00a0 N\u00eb lidhje me \u00e7\u00ebshtjen e parkingjeve me koncesion foli edhe kreu i Bashkis\u00eb Erion Veliaj, i cili u shpreh se po b\u00ebhet shum\u00eb zhurm\u00eb p\u00ebr asgj\u00eb, pasi sipas tij nuk b\u00ebhet fjal\u00eb p\u00ebr Agjencin\u00eb e [&hellip;]<\/p>\n","protected":false,"gt_translate_keys":[{"key":"rendered","format":"html"}]},"author":30,"featured_media":270426,"comment_status":"open","ping_status":"open","sticky":false,"template":"","format":"standard","meta":{"footnotes":""},"categories":[65,13],"tags":[],"class_list":["post-270433","post","type-post","status-publish","format-standard","has-post-thumbnail","hentry","category-lajme","category-te-fundit"],"gt_translate_keys":[{"key":"link","format":"url"}],"_links":{"self":[{"href":"https:\/\/www.hashtag.al\/index.php\/wp-json\/wp\/v2\/posts\/270433","targetHints":{"allow":["GET"]}}],"collection":[{"href":"https:\/\/www.hashtag.al\/index.php\/wp-json\/wp\/v2\/posts"}],"about":[{"href":"https:\/\/www.hashtag.al\/index.php\/wp-json\/wp\/v2\/types\/post"}],"author":[{"embeddable":true,"href":"https:\/\/www.hashtag.al\/index.php\/wp-json\/wp\/v2\/users\/30"}],"replies":[{"embeddable":true,"href":"https:\/\/www.hashtag.al\/index.php\/wp-json\/wp\/v2\/comments?post=270433"}],"version-history":[{"count":0,"href":"https:\/\/www.hashtag.al\/index.php\/wp-json\/wp\/v2\/posts\/270433\/revisions"}],"wp:featuredmedia":[{"embeddable":true,"href":"https:\/\/www.hashtag.al\/index.php\/wp-json\/wp\/v2\/media\/270426"}],"wp:attachment":[{"href":"https:\/\/www.hashtag.al\/index.php\/wp-json\/wp\/v2\/media?parent=270433"}],"wp:term":[{"taxonomy":"category","embeddable":true,"href":"https:\/\/www.hashtag.al\/index.php\/wp-json\/wp\/v2\/categories?post=270433"},{"taxonomy":"post_tag","embeddable":true,"href":"https:\/\/www.hashtag.al\/index.php\/wp-json\/wp\/v2\/tags?post=270433"}],"curies":[{"name":"wp","href":"https:\/\/api.w.org\/{rel}","templated":true}]}}