{"id":270341,"date":"2019-01-31T14:10:30","date_gmt":"2019-01-31T13:10:30","guid":{"rendered":"https:\/\/hashtag.al\/?p=270341"},"modified":"2019-01-31T14:13:11","modified_gmt":"2019-01-31T13:13:11","slug":"paralajmerimi-i-bashes-per-ramen-me-16-shkurt-do-shkulesh-nga-karrigia-ndryshimi-do-vije","status":"publish","type":"post","link":"https:\/\/www.hashtag.al\/index.php\/2019\/01\/31\/paralajmerimi-i-bashes-per-ramen-me-16-shkurt-do-shkulesh-nga-karrigia-ndryshimi-do-vije\/","title":{"rendered":"Paralajm\u00ebrimi i Bash\u00ebs p\u00ebr Ram\u00ebn: M\u00eb 16 shkurt do shkulesh nga karrigia, ndryshimi do vij\u00eb","gt_translate_keys":[{"key":"rendered","format":"text"}]},"content":{"rendered":"<p><img loading=\"lazy\" decoding=\"async\" class=\"aligncenter size-full wp-image-259765\" src=\"https:\/\/hashtag.al\/wp-content\/uploads\/2018\/12\/lulzim_basha_ne_foltore.jpg\" alt=\"\" width=\"1280\" height=\"853\" srcset=\"https:\/\/www.hashtag.al\/wp-content\/uploads\/2018\/12\/lulzim_basha_ne_foltore.jpg 1280w, https:\/\/www.hashtag.al\/wp-content\/uploads\/2018\/12\/lulzim_basha_ne_foltore-300x200.jpg 300w, https:\/\/www.hashtag.al\/wp-content\/uploads\/2018\/12\/lulzim_basha_ne_foltore-768x512.jpg 768w, https:\/\/www.hashtag.al\/wp-content\/uploads\/2018\/12\/lulzim_basha_ne_foltore-1024x682.jpg 1024w\" sizes=\"auto, (max-width: 1280px) 100vw, 1280px\" \/><\/p>\n<p><span style=\"color: #000000;\">Opozita \u00ebsht\u00eb larguar nga Kuvendi pas fjal\u00ebs s\u00eb kryetari t\u00eb Partis\u00eb Demokratike, Basha. <\/span><\/p>\n<p><span style=\"color: #000000;\">Ky i fundit theksoi se populli do e shkul\u00eb nga karrigia kryeministrin Rama n\u00eb protest\u00ebn e 16 shkurtit n\u00ebse kriza politike nuk p\u00ebrfundon m\u00eb par\u00eb.<\/span><\/p>\n<p><span style=\"color: #000000;\"><em>\u201cN\u00eb 16 shkurt nuk do t\u00eb mblidhemi p\u00ebr pushtet, por p\u00ebr ndryshim! Ndryshim t\u00eb madh q\u00eb do t\u00eb kthej\u00eb dinjitetin e n\u00ebp\u00ebrk\u00ebmbur edhe\u00a0 socialist\u00ebve shqiptar\u00eb. M\u00eb 16 shkurt, n\u00ebse kjo kriz\u00eb politike nuk p\u00ebrfundon p\u00ebrpara, vullneti i p\u00ebrgjithsh\u00ebm i shqiptar\u00ebve do t\u00eb shprehet dhe nuk ka forc\u00eb ta ndal\u00eb. <\/em><\/span><\/p>\n<p><span style=\"color: #000000;\"><em>Edi Rama do t\u00eb shkulet nga karrigia e kryeministrit. Fatura e shkuljes s\u00eb Edi Ram\u00ebs nga karrigia varet n\u00eb nj\u00eb mas\u00eb t\u00eb madhe dhe nga nd\u00ebrgjegja e socialist\u00ebve t\u00eb ndersh\u00ebm. Do t\u00eb lejoni ta \u00e7oj\u00eb k\u00ebt\u00eb fatur\u00eb n\u00eb nivelet m\u00eb t\u00eb larta t\u00eb mundshme p\u00ebr popullin? P\u00ebr f\u00ebmij\u00ebt tuaj apo do t\u00eb bashkohemi t\u00eb gjith\u00eb s\u00eb bashku perden e shfaqjes m\u00eb t\u00eb sh\u00ebmtuar dhe m\u00eb t\u00eb kushtueshme q\u00eb ka pasur ky popull n\u00eb kurriz. 16 shkurti me ndihm\u00ebn e Zotit dhe bashkimin e shqiptar\u00ebve do t\u00eb jet\u00eb nj\u00eb dit\u00eb ndryshe.\u201d<\/em> &#8211; tha Basha.<\/span><\/p>\n<p><span style=\"color: #000000;\">M\u00eb tej Basha tha se Z\u00ebri i Amerik\u00ebs faktoi at\u00eb q\u00eb kishte th\u00ebn\u00eb opozita m\u00eb par\u00eb dhe fakte t\u00eb tjera do dalin n\u00eb dit\u00ebt n\u00eb vijim dhe vendin e kontrollojn\u00eb bandat.<\/span><\/p>\n<p><span style=\"color: #000000;\"><em>\u201cLidhja me krimin, shitblerja e vot\u00ebs na kan\u00eb sjell\u00eb n\u00eb k\u00ebt\u00eb dit\u00eb. Z\u00ebri i Amerik\u00ebs e faktoi gjith\u00e7ka q\u00eb ne kemi th\u00ebn\u00eb dhe t\u00eb tjera fakte do t\u00eb dalin n\u00eb dit\u00ebt n\u00eb vijim. Rama e refuzoi vetingun, por vetingu i politikan\u00ebve do t\u00eb b\u00ebhet. E vetmja shpres\u00eb Ram\u00ebs i ka mbetur tek bashk\u00ebpun\u00ebtor\u00ebt e Sigurimit, por edhe ata do t\u00eb alrgohen me turp. Vendi \u00ebsht\u00eb zhytur n\u00eb krim. Bandat kan\u00eb marr\u00eb vendin n\u00ebn kontroll. Vendi po zhytet n\u00eb mjerim.\u201d<\/em> &#8211; tha Basha.<\/span><\/p>\n<p><img loading=\"lazy\" decoding=\"async\" class=\"aligncenter size-full wp-image-259708\" src=\"https:\/\/hashtag.al\/wp-content\/uploads\/2018\/12\/bashasot.jpg\" alt=\"\" width=\"1280\" height=\"853\" srcset=\"https:\/\/www.hashtag.al\/wp-content\/uploads\/2018\/12\/bashasot.jpg 1280w, https:\/\/www.hashtag.al\/wp-content\/uploads\/2018\/12\/bashasot-300x200.jpg 300w, https:\/\/www.hashtag.al\/wp-content\/uploads\/2018\/12\/bashasot-768x512.jpg 768w, https:\/\/www.hashtag.al\/wp-content\/uploads\/2018\/12\/bashasot-1024x682.jpg 1024w\" sizes=\"auto, (max-width: 1280px) 100vw, 1280px\" \/><\/p>\n","protected":false,"gt_translate_keys":[{"key":"rendered","format":"html"}]},"excerpt":{"rendered":"<p>Opozita \u00ebsht\u00eb larguar nga Kuvendi pas fjal\u00ebs s\u00eb kryetari t\u00eb Partis\u00eb Demokratike, Basha. Ky i fundit theksoi se populli do e shkul\u00eb nga karrigia kryeministrin Rama n\u00eb protest\u00ebn e 16 shkurtit n\u00ebse kriza politike nuk p\u00ebrfundon m\u00eb par\u00eb. \u201cN\u00eb 16 shkurt nuk do t\u00eb mblidhemi p\u00ebr pushtet, por p\u00ebr ndryshim! Ndryshim t\u00eb madh q\u00eb do [&hellip;]<\/p>\n","protected":false,"gt_translate_keys":[{"key":"rendered","format":"html"}]},"author":51,"featured_media":259765,"comment_status":"open","ping_status":"open","sticky":false,"template":"","format":"standard","meta":{"footnotes":""},"categories":[65,13],"tags":[],"class_list":["post-270341","post","type-post","status-publish","format-standard","has-post-thumbnail","hentry","category-lajme","category-te-fundit"],"gt_translate_keys":[{"key":"link","format":"url"}],"_links":{"self":[{"href":"https:\/\/www.hashtag.al\/index.php\/wp-json\/wp\/v2\/posts\/270341","targetHints":{"allow":["GET"]}}],"collection":[{"href":"https:\/\/www.hashtag.al\/index.php\/wp-json\/wp\/v2\/posts"}],"about":[{"href":"https:\/\/www.hashtag.al\/index.php\/wp-json\/wp\/v2\/types\/post"}],"author":[{"embeddable":true,"href":"https:\/\/www.hashtag.al\/index.php\/wp-json\/wp\/v2\/users\/51"}],"replies":[{"embeddable":true,"href":"https:\/\/www.hashtag.al\/index.php\/wp-json\/wp\/v2\/comments?post=270341"}],"version-history":[{"count":0,"href":"https:\/\/www.hashtag.al\/index.php\/wp-json\/wp\/v2\/posts\/270341\/revisions"}],"wp:featuredmedia":[{"embeddable":true,"href":"https:\/\/www.hashtag.al\/index.php\/wp-json\/wp\/v2\/media\/259765"}],"wp:attachment":[{"href":"https:\/\/www.hashtag.al\/index.php\/wp-json\/wp\/v2\/media?parent=270341"}],"wp:term":[{"taxonomy":"category","embeddable":true,"href":"https:\/\/www.hashtag.al\/index.php\/wp-json\/wp\/v2\/categories?post=270341"},{"taxonomy":"post_tag","embeddable":true,"href":"https:\/\/www.hashtag.al\/index.php\/wp-json\/wp\/v2\/tags?post=270341"}],"curies":[{"name":"wp","href":"https:\/\/api.w.org\/{rel}","templated":true}]}}