{"id":270331,"date":"2019-01-31T13:26:27","date_gmt":"2019-01-31T12:26:27","guid":{"rendered":"https:\/\/hashtag.al\/?p=270331"},"modified":"2019-01-31T13:26:27","modified_gmt":"2019-01-31T12:26:27","slug":"perplasje-ne-kuvend-nderpritet-seanca","status":"publish","type":"post","link":"https:\/\/www.hashtag.al\/index.php\/2019\/01\/31\/perplasje-ne-kuvend-nderpritet-seanca\/","title":{"rendered":"P\u00ebrplasje n\u00eb Kuvend, nd\u00ebrpritet seanca","gt_translate_keys":[{"key":"rendered","format":"text"}]},"content":{"rendered":"<p><img loading=\"lazy\" decoding=\"async\" class=\"aligncenter size-full wp-image-270332\" src=\"https:\/\/hashtag.al\/wp-content\/uploads\/2019\/01\/sali.png\" alt=\"\" width=\"908\" height=\"505\" srcset=\"https:\/\/www.hashtag.al\/wp-content\/uploads\/2019\/01\/sali.png 908w, https:\/\/www.hashtag.al\/wp-content\/uploads\/2019\/01\/sali-300x167.png 300w, https:\/\/www.hashtag.al\/wp-content\/uploads\/2019\/01\/sali-768x427.png 768w\" sizes=\"auto, (max-width: 908px) 100vw, 908px\" \/><\/p>\n<p><span style=\"color: #000000;\">Pasi ish-kryeministrin Berisha i p\u00ebrmendi Ram\u00ebs se kishte mohuar at\u00ebsin\u00eb e t\u00eb birit, fjal\u00ebn e mori kryeministri Rama i cili e akuzoi Berish\u00ebn se kishte fabrikuar gjith\u00e7ka. <\/span><\/p>\n<p><span style=\"color: #000000;\">M\u00eb pas Berisha afrohet te foltorja e Kuvendit gj\u00eb q\u00eb u shoq\u00ebrua me tension. <\/span><\/p>\n<p><span style=\"color: #000000;\">N\u00eb k\u00ebt\u00eb \u00e7ast nd\u00ebrhyn kryeparlamentari Ru\u00e7i i cili nd\u00ebrpreu p\u00ebr 10 minuta seanc\u00ebn.<\/span><\/p>\n","protected":false,"gt_translate_keys":[{"key":"rendered","format":"html"}]},"excerpt":{"rendered":"<p>Pasi ish-kryeministrin Berisha i p\u00ebrmendi Ram\u00ebs se kishte mohuar at\u00ebsin\u00eb e t\u00eb birit, fjal\u00ebn e mori kryeministri Rama i cili e akuzoi Berish\u00ebn se kishte fabrikuar gjith\u00e7ka. M\u00eb pas Berisha afrohet te foltorja e Kuvendit gj\u00eb q\u00eb u shoq\u00ebrua me tension. N\u00eb k\u00ebt\u00eb \u00e7ast nd\u00ebrhyn kryeparlamentari Ru\u00e7i i cili nd\u00ebrpreu p\u00ebr 10 minuta seanc\u00ebn.<\/p>\n","protected":false,"gt_translate_keys":[{"key":"rendered","format":"html"}]},"author":51,"featured_media":270332,"comment_status":"open","ping_status":"open","sticky":false,"template":"","format":"standard","meta":{"footnotes":""},"categories":[65,13],"tags":[],"class_list":["post-270331","post","type-post","status-publish","format-standard","has-post-thumbnail","hentry","category-lajme","category-te-fundit"],"gt_translate_keys":[{"key":"link","format":"url"}],"_links":{"self":[{"href":"https:\/\/www.hashtag.al\/index.php\/wp-json\/wp\/v2\/posts\/270331","targetHints":{"allow":["GET"]}}],"collection":[{"href":"https:\/\/www.hashtag.al\/index.php\/wp-json\/wp\/v2\/posts"}],"about":[{"href":"https:\/\/www.hashtag.al\/index.php\/wp-json\/wp\/v2\/types\/post"}],"author":[{"embeddable":true,"href":"https:\/\/www.hashtag.al\/index.php\/wp-json\/wp\/v2\/users\/51"}],"replies":[{"embeddable":true,"href":"https:\/\/www.hashtag.al\/index.php\/wp-json\/wp\/v2\/comments?post=270331"}],"version-history":[{"count":0,"href":"https:\/\/www.hashtag.al\/index.php\/wp-json\/wp\/v2\/posts\/270331\/revisions"}],"wp:featuredmedia":[{"embeddable":true,"href":"https:\/\/www.hashtag.al\/index.php\/wp-json\/wp\/v2\/media\/270332"}],"wp:attachment":[{"href":"https:\/\/www.hashtag.al\/index.php\/wp-json\/wp\/v2\/media?parent=270331"}],"wp:term":[{"taxonomy":"category","embeddable":true,"href":"https:\/\/www.hashtag.al\/index.php\/wp-json\/wp\/v2\/categories?post=270331"},{"taxonomy":"post_tag","embeddable":true,"href":"https:\/\/www.hashtag.al\/index.php\/wp-json\/wp\/v2\/tags?post=270331"}],"curies":[{"name":"wp","href":"https:\/\/api.w.org\/{rel}","templated":true}]}}