{"id":270104,"date":"2019-01-30T18:58:52","date_gmt":"2019-01-30T17:58:52","guid":{"rendered":"https:\/\/hashtag.al\/?p=270104"},"modified":"2019-01-30T19:06:09","modified_gmt":"2019-01-30T18:06:09","slug":"270104","status":"publish","type":"post","link":"https:\/\/www.hashtag.al\/index.php\/2019\/01\/30\/270104\/","title":{"rendered":"Ndalohet nj\u00eb person i dyshuar p\u00ebr vrasjen e ish-oficerit n\u00eb Selit\u00eb","gt_translate_keys":[{"key":"rendered","format":"text"}]},"content":{"rendered":"<p><img loading=\"lazy\" decoding=\"async\" class=\"alignnone size-full wp-image-270017\" src=\"https:\/\/hashtag.al\/wp-content\/uploads\/2019\/01\/arbenibilali-e1548859200176.jpg\" alt=\"\" width=\"926\" height=\"407\" srcset=\"https:\/\/www.hashtag.al\/wp-content\/uploads\/2019\/01\/arbenibilali-e1548859200176.jpg 926w, https:\/\/www.hashtag.al\/wp-content\/uploads\/2019\/01\/arbenibilali-e1548859200176-300x132.jpg 300w, https:\/\/www.hashtag.al\/wp-content\/uploads\/2019\/01\/arbenibilali-e1548859200176-768x338.jpg 768w\" sizes=\"auto, (max-width: 926px) 100vw, 926px\" \/><\/p>\n<p style=\"text-align: left;\"><span style=\"color: #000000;\">Mesdit\u00ebn e sotme u vra me arm\u00eb zjarri n\u00eb Selit\u00eb t\u00eb Tiran\u00ebs, Arben Bilali, ish-efektiv policie. Viktima u q\u00ebllua me arm\u00eb zjarri n\u00eb vendin e quajtur\u00a0stacioni i Tiran\u00ebs s\u00eb Re. Ende nuk \u00ebsht\u00eb nd\u00ebrtuar skema e ngjarjes por n\u00eb vendin ku ndodhi atentati jan\u00eb gjetur nga policia shum\u00eb g\u00ebzhoja.\u00a0<\/span><\/p>\n<p style=\"text-align: left;\"><span style=\"color: #000000;\">Autor\u00ebt e dyshuar e kan\u00eb q\u00eblluar disa her\u00eb nga nj\u00eb makin\u00eb tip Mercedes-Benz dhe m\u00eb pas jan\u00eb larguar me shpejt\u00ebsi nga vendngjarja me nj\u00eb makin\u00eb n\u00eb ngjyr\u00eb t\u00eb zez\u00eb. Ai u d\u00ebrgua me shpejt\u00ebsi n\u00eb spitalin e Traum\u00ebs por mundi dot t\u2019u mbijetonte plag\u00ebve.\u00a0Raportohet se \u00ebsht\u00eb ndaluar nga policia nj\u00eb person i mosh\u00ebs 30 vje\u00e7, i cili dyshohet\u00a0 \u00ebsht\u00eb p\u00ebrfshir\u00eb n\u00eb atentatin ndaj Bilalit mesdit\u00ebn e sotme.<\/span><\/p>\n<p style=\"text-align: left;\"><span style=\"color: #000000;\">Arben Bilalit i \u00ebsht\u00eb organizuar dhe nj\u00eb atentat n\u00eb vitin 2010 por atij mundi t&#8217;i shp\u00ebtonte.\u00a0Ish-polici \u00ebsht\u00eb p\u00ebrfolur p\u00ebr nj\u00eb vrasje t\u00eb ndodhur vite m\u00eb par\u00eb, edhe pse zyrtarisht nuk ishte paditur asnj\u00ebher\u00eb p\u00ebr k\u00ebt\u00eb krim.\u00a0M\u00ebsohet se\u00a0bashk\u00ebshortja e 50-vje\u00e7arit \u00ebsht\u00eb efektive policie, me rol drejtues n\u00eb Drejtorin\u00eb e Policis\u00eb s\u00eb Tiran\u00ebs.<\/span><\/p>\n<p style=\"text-align: left;\"><span style=\"color: #000000;\">Por disa vite m\u00eb par\u00eb n\u00eb 2010 u ekzekutua me 4 plumba edhe nj\u00eb nga v\u00ebllez\u00ebrit e viktim\u00ebs, Leonard\u00a0Bilali, ish-mund\u00ebsi i Dinamos. Po n\u00eb stacionin e fundit t\u00eb Tiran\u00ebs s\u00eb Re, n\u00eb rrug\u00ebn &#8220;Irfan Tonini&#8221; u vra edhe Leonard Bilali.\u00a0\u00a0N\u00eb 1998 \u00ebsht\u00eb ekzekutuar me arm\u00eb zjarri edhe v\u00ebllai tjet\u00ebr Bujar Bilali.\u00a0\u00a0P\u00ebr t\u00eb gjitha vrasjet ende nuk ka autor\u00eb.\u00a0\u00a0Q\u00eb prej vrasjeve t\u00eb v\u00ebllez\u00ebrve t\u00eb tij vtiktima e sotme q\u00ebndronte i ngujuar. N\u00eb banes\u00ebn e tij ka kapera n\u00eb \u00e7do cep.\u00a0<\/span><\/p>\n<p>&nbsp;<\/p>\n<p>&nbsp;<\/p>\n","protected":false,"gt_translate_keys":[{"key":"rendered","format":"html"}]},"excerpt":{"rendered":"<p>Mesdit\u00ebn e sotme u vra me arm\u00eb zjarri n\u00eb Selit\u00eb t\u00eb Tiran\u00ebs, Arben Bilali, ish-efektiv policie. Viktima u q\u00ebllua me arm\u00eb zjarri n\u00eb vendin e quajtur\u00a0stacioni i Tiran\u00ebs s\u00eb Re. Ende nuk \u00ebsht\u00eb nd\u00ebrtuar skema e ngjarjes por n\u00eb vendin ku ndodhi atentati jan\u00eb gjetur nga policia shum\u00eb g\u00ebzhoja.\u00a0 Autor\u00ebt e dyshuar e kan\u00eb q\u00eblluar [&hellip;]<\/p>\n","protected":false,"gt_translate_keys":[{"key":"rendered","format":"html"}]},"author":30,"featured_media":270017,"comment_status":"open","ping_status":"open","sticky":false,"template":"","format":"standard","meta":{"footnotes":""},"categories":[65,13],"tags":[],"class_list":["post-270104","post","type-post","status-publish","format-standard","has-post-thumbnail","hentry","category-lajme","category-te-fundit"],"gt_translate_keys":[{"key":"link","format":"url"}],"_links":{"self":[{"href":"https:\/\/www.hashtag.al\/index.php\/wp-json\/wp\/v2\/posts\/270104","targetHints":{"allow":["GET"]}}],"collection":[{"href":"https:\/\/www.hashtag.al\/index.php\/wp-json\/wp\/v2\/posts"}],"about":[{"href":"https:\/\/www.hashtag.al\/index.php\/wp-json\/wp\/v2\/types\/post"}],"author":[{"embeddable":true,"href":"https:\/\/www.hashtag.al\/index.php\/wp-json\/wp\/v2\/users\/30"}],"replies":[{"embeddable":true,"href":"https:\/\/www.hashtag.al\/index.php\/wp-json\/wp\/v2\/comments?post=270104"}],"version-history":[{"count":0,"href":"https:\/\/www.hashtag.al\/index.php\/wp-json\/wp\/v2\/posts\/270104\/revisions"}],"wp:featuredmedia":[{"embeddable":true,"href":"https:\/\/www.hashtag.al\/index.php\/wp-json\/wp\/v2\/media\/270017"}],"wp:attachment":[{"href":"https:\/\/www.hashtag.al\/index.php\/wp-json\/wp\/v2\/media?parent=270104"}],"wp:term":[{"taxonomy":"category","embeddable":true,"href":"https:\/\/www.hashtag.al\/index.php\/wp-json\/wp\/v2\/categories?post=270104"},{"taxonomy":"post_tag","embeddable":true,"href":"https:\/\/www.hashtag.al\/index.php\/wp-json\/wp\/v2\/tags?post=270104"}],"curies":[{"name":"wp","href":"https:\/\/api.w.org\/{rel}","templated":true}]}}