{"id":269877,"date":"2019-01-30T09:13:07","date_gmt":"2019-01-30T08:13:07","guid":{"rendered":"https:\/\/hashtag.al\/?p=269877"},"modified":"2019-01-30T09:21:26","modified_gmt":"2019-01-30T08:21:26","slug":"per-cfare-e-ka-mendjen-rinia-e-sotme-videoja-e-bere-virale","status":"publish","type":"post","link":"https:\/\/www.hashtag.al\/index.php\/2019\/01\/30\/per-cfare-e-ka-mendjen-rinia-e-sotme-videoja-e-bere-virale\/","title":{"rendered":"P\u00ebr \u00e7far\u00eb e ka mendjen rinia e sotme, VIDEOJA e b\u00ebr\u00eb virale","gt_translate_keys":[{"key":"rendered","format":"text"}]},"content":{"rendered":"<p><img loading=\"lazy\" decoding=\"async\" class=\"aligncenter size-full wp-image-269880\" src=\"https:\/\/hashtag.al\/wp-content\/uploads\/2019\/01\/9147518-6645823-image-m-111_1548795330546.jpg\" alt=\"\" width=\"634\" height=\"795\" srcset=\"https:\/\/www.hashtag.al\/wp-content\/uploads\/2019\/01\/9147518-6645823-image-m-111_1548795330546.jpg 634w, https:\/\/www.hashtag.al\/wp-content\/uploads\/2019\/01\/9147518-6645823-image-m-111_1548795330546-239x300.jpg 239w\" sizes=\"auto, (max-width: 634px) 100vw, 634px\" \/><\/p>\n<p><span style=\"color: #000000;\">Nj\u00eb vajz\u00eb 22-vje\u00e7are \u00ebsht\u00eb b\u00ebr\u00eb e famshme n\u00eb &#8220;Twitter&#8221;, pasi ka krijuar nj\u00eb pal\u00eb vath\u00eb t\u00eb dizajnuar p\u00ebr t\u00eb mos humbur AirPod-in.<\/span><\/p>\n<p><span style=\"color: #000000;\">Gabrielle Reilly postoi nj\u00eb videon n\u00eb faqen e saj n\u00eb &#8220;Twitter&#8221; m\u00eb 26 janar, ku tregonte nj\u00eb pal\u00eb vath\u00eb, tek t\u00eb cilat kishte lidhur kufjet e AirPod &#8211; wireless, t\u00eb projektuar nga &#8220;Apple&#8221;.<\/span><\/p>\n<p><span style=\"color: #000000;\">Vajza e re nga Virxhinia, ka treguar se arsyeja se pse i ka krijuar ato vath\u00ebt, \u00ebsht\u00eb pik\u00ebrisht q\u00eb t\u00eb mos humbiste kufjet e saj t\u00eb cilat nuk kishin mbajt\u00ebse e as tela dhe asaj i humbisnin gjat\u00eb gjith\u00eb koh\u00ebs.<\/span><\/p>\n<p><span style=\"color: #000000;\">N\u00eb klipin q\u00eb zgjat 14 sekondave, Gabrielle tund kok\u00ebn, p\u00ebr t\u00eb treguar se sa t\u00eb sigurt jan\u00eb kufjet e saj. Videoja tanim\u00eb \u00ebsht\u00eb b\u00ebr\u00eb virale dhe gjith\u00eb bota \u00ebsht\u00eb njohur me Gabrielle-n.<\/span><\/p>\n<p><iframe loading=\"lazy\" id=\"molvideoplayer\" title=\"MailOnline Embed Player\" src=\"https:\/\/www.dailymail.co.uk\/embed\/video\/1852032.html\" width=\"698\" height=\"573\" frameborder=\"0\" scrolling=\"no\" allowfullscreen=\"allowfullscreen\"><\/iframe><\/p>\n","protected":false,"gt_translate_keys":[{"key":"rendered","format":"html"}]},"excerpt":{"rendered":"<p>Nj\u00eb vajz\u00eb 22-vje\u00e7are \u00ebsht\u00eb b\u00ebr\u00eb e famshme n\u00eb &#8220;Twitter&#8221;, pasi ka krijuar nj\u00eb pal\u00eb vath\u00eb t\u00eb dizajnuar p\u00ebr t\u00eb mos humbur AirPod-in. Gabrielle Reilly postoi nj\u00eb videon n\u00eb faqen e saj n\u00eb &#8220;Twitter&#8221; m\u00eb 26 janar, ku tregonte nj\u00eb pal\u00eb vath\u00eb, tek t\u00eb cilat kishte lidhur kufjet e AirPod &#8211; wireless, t\u00eb projektuar nga &#8220;Apple&#8221;. [&hellip;]<\/p>\n","protected":false,"gt_translate_keys":[{"key":"rendered","format":"html"}]},"author":30,"featured_media":269878,"comment_status":"open","ping_status":"open","sticky":false,"template":"","format":"standard","meta":{"footnotes":""},"categories":[53],"tags":[],"class_list":["post-269877","post","type-post","status-publish","format-standard","has-post-thumbnail","hentry","category-fast-foodi"],"gt_translate_keys":[{"key":"link","format":"url"}],"_links":{"self":[{"href":"https:\/\/www.hashtag.al\/index.php\/wp-json\/wp\/v2\/posts\/269877","targetHints":{"allow":["GET"]}}],"collection":[{"href":"https:\/\/www.hashtag.al\/index.php\/wp-json\/wp\/v2\/posts"}],"about":[{"href":"https:\/\/www.hashtag.al\/index.php\/wp-json\/wp\/v2\/types\/post"}],"author":[{"embeddable":true,"href":"https:\/\/www.hashtag.al\/index.php\/wp-json\/wp\/v2\/users\/30"}],"replies":[{"embeddable":true,"href":"https:\/\/www.hashtag.al\/index.php\/wp-json\/wp\/v2\/comments?post=269877"}],"version-history":[{"count":0,"href":"https:\/\/www.hashtag.al\/index.php\/wp-json\/wp\/v2\/posts\/269877\/revisions"}],"wp:featuredmedia":[{"embeddable":true,"href":"https:\/\/www.hashtag.al\/index.php\/wp-json\/wp\/v2\/media\/269878"}],"wp:attachment":[{"href":"https:\/\/www.hashtag.al\/index.php\/wp-json\/wp\/v2\/media?parent=269877"}],"wp:term":[{"taxonomy":"category","embeddable":true,"href":"https:\/\/www.hashtag.al\/index.php\/wp-json\/wp\/v2\/categories?post=269877"},{"taxonomy":"post_tag","embeddable":true,"href":"https:\/\/www.hashtag.al\/index.php\/wp-json\/wp\/v2\/tags?post=269877"}],"curies":[{"name":"wp","href":"https:\/\/api.w.org\/{rel}","templated":true}]}}