{"id":269607,"date":"2019-01-29T09:46:51","date_gmt":"2019-01-29T08:46:51","guid":{"rendered":"https:\/\/hashtag.al\/?p=269607"},"modified":"2019-01-29T09:56:03","modified_gmt":"2019-01-29T08:56:03","slug":"piktori-i-rreme-thirrje-portaleve-mos-me-sulmoni-se-jam-i-ndjeshem-video","status":"publish","type":"post","link":"https:\/\/www.hashtag.al\/index.php\/2019\/01\/29\/piktori-i-rreme-thirrje-portaleve-mos-me-sulmoni-se-jam-i-ndjeshem-video\/","title":{"rendered":"Piktori i rrem\u00eb thirrje portaleve: Mos m\u00eb sulmoni se jam i ndjesh\u00ebm! (VIDEO)","gt_translate_keys":[{"key":"rendered","format":"text"}]},"content":{"rendered":"<p><img loading=\"lazy\" decoding=\"async\" class=\"aligncenter size-full wp-image-269609\" src=\"https:\/\/hashtag.al\/wp-content\/uploads\/2019\/01\/reka.png\" alt=\"\" width=\"640\" height=\"658\" srcset=\"https:\/\/www.hashtag.al\/wp-content\/uploads\/2019\/01\/reka.png 640w, https:\/\/www.hashtag.al\/wp-content\/uploads\/2019\/01\/reka-292x300.png 292w\" sizes=\"auto, (max-width: 640px) 100vw, 640px\" \/><\/p>\n<p><span style=\"color: #000000;\">Pasi ka v\u00ebn\u00eb n\u00eb loj\u00eb televizionet m\u00eb t\u00eb m\u00ebdha komb\u00ebtare n\u00eb vend, &#8220;Klan&#8221; dhe &#8220;Top Channel&#8221; dhe pasi u zbulua rast\u00ebsisht n\u00eb &#8220;Instagram&#8221;, piktori i rrem\u00eb Edlir Reka i ka pranuar t\u00eb gjitha.<\/span><\/p>\n<p><span style=\"color: #000000;\">Piktura me t\u00eb cil\u00ebn u mburr se kishte fituar nj\u00eb konkur n\u00eb Mosk\u00eb, n\u00eb t\u00eb v\u00ebrtet\u00eb nuk ishte e tija, por e nj\u00eb artisti kanadez.<\/span><\/p>\n<p><span style=\"color: #000000;\">Por pasi pranoi mashtrimin q\u00eb kishte b\u00ebr\u00eb, 20-vje\u00e7ari nga Berati ka edhe nj\u00eb apel p\u00ebr mediat. Ai\u00a0 u k\u00ebrkon t\u00eb tregohen t\u00eb kujdessh\u00ebm me t\u00eb, duke n\u00ebnkuptuar se \u00ebsht\u00eb i ndjesh\u00ebm dhe preket.<\/span><\/p>\n<p><span style=\"color: #000000;\"><em>&#8220;Dua t\u00eb them di\u00e7ka, q\u00eb nuk dua ta l\u00eb pa p\u00ebrmendur dhe t\u00eb lutem m\u00eb l\u00ebr q\u00eb ta them. Do ndeshem te pjesa e portaleve, tek titujt e portaleve. Okej, dakord. Deri diku jam dakord me ju p\u00ebr gj\u00ebrat q\u00eb keni shkruajtur por ama duhet menduar di\u00e7ka. Kujdes me fjal\u00ebt q\u00eb shpreheni, kujdes kur vendosni nj\u00eb titull. Sepse duhet t\u00eb mendoni se sa r\u00ebnd\u00eb ndikon kjo tek nj\u00eb person. Sepse un\u00eb jam k\u00ebtu p\u00ebr t\u00eb k\u00ebrkuar ndjes\u00eb. Do filloj p\u00ebrs\u00ebri nga e para.&#8221;,<\/em> \u00ebsht\u00eb shprehur Edlir Reka.<\/span><\/p>\n<p><span style=\"color: #000000;\">N\u00eb nj\u00eb moment tjet\u00ebr gjat\u00eb emisionit, ai tha se kishte b\u00ebr\u00eb privat &#8220;Instagramin&#8221; \u00a0e tij pas komenteve negative q\u00eb merrte me arsyetimin se<em> &#8220;Kur d\u00ebgjon aq shum\u00eb fjal\u00eb dhe t\u00eb tjera me radh\u00eb, vritesh&#8221;.<\/em><\/span><\/p>\n<p><span style=\"color: #000000;\">Radh\u00ebn e fundit q\u00eb Edlir Reka kishte qen\u00eb n\u00eb emisionin e Rudin\u00ebs, jav\u00ebn e kaluar, pretendoi se kishte fituar \u00e7mimin e par\u00eb n\u00eb Rusi me nj\u00eb prej pikturave t\u00eb tij. M\u00eb her\u00ebt, n\u00eb dhjetor t\u00eb 2018-\u00ebs t\u00eb nj\u00ebjt\u00ebn deklarat\u00eb kishte b\u00ebr\u00eb edhe n\u00eb emisionin &#8220;7 pa 5&#8221; n\u00eb &#8220;Top Channel&#8221;.\u00a0<\/span><span style=\"color: #000000;\">Mir\u00ebpo p\u00ebrdoruesit e rrjeteve sociale, zbuluan t\u00eb v\u00ebrtet\u00ebn. Piktura p\u00ebr t\u00eb cil\u00ebn Rreka mburrej se e kishte b\u00ebr\u00eb vet\u00eb dhe madje kishte fituar edhe \u00e7mimin n\u00eb Rusi, ishte e nj\u00eb piktori kanadez q\u00eb quhet Blu Smith.<\/span><\/p>\n<div style=\"width: 1170px;\" class=\"wp-video\"><video class=\"wp-video-shortcode\" id=\"video-269607-1\" width=\"1170\" height=\"658\" preload=\"metadata\" controls=\"controls\"><source type=\"video\/mp4\" src=\"https:\/\/hashtag.al\/wp-content\/uploads\/2019\/01\/video-1548750779.mp4?_=1\" \/><a href=\"https:\/\/hashtag.al\/wp-content\/uploads\/2019\/01\/video-1548750779.mp4\">https:\/\/hashtag.al\/wp-content\/uploads\/2019\/01\/video-1548750779.mp4<\/a><\/video><\/div>\n<p>&nbsp;<\/p>\n","protected":false,"gt_translate_keys":[{"key":"rendered","format":"html"}]},"excerpt":{"rendered":"<p>Pasi ka v\u00ebn\u00eb n\u00eb loj\u00eb televizionet m\u00eb t\u00eb m\u00ebdha komb\u00ebtare n\u00eb vend, &#8220;Klan&#8221; dhe &#8220;Top Channel&#8221; dhe pasi u zbulua rast\u00ebsisht n\u00eb &#8220;Instagram&#8221;, piktori i rrem\u00eb Edlir Reka i ka pranuar t\u00eb gjitha. Piktura me t\u00eb cil\u00ebn u mburr se kishte fituar nj\u00eb konkur n\u00eb Mosk\u00eb, n\u00eb t\u00eb v\u00ebrtet\u00eb nuk ishte e tija, por e [&hellip;]<\/p>\n","protected":false,"gt_translate_keys":[{"key":"rendered","format":"html"}]},"author":30,"featured_media":269610,"comment_status":"open","ping_status":"open","sticky":false,"template":"","format":"standard","meta":{"footnotes":""},"categories":[53],"tags":[],"class_list":["post-269607","post","type-post","status-publish","format-standard","has-post-thumbnail","hentry","category-fast-foodi"],"gt_translate_keys":[{"key":"link","format":"url"}],"_links":{"self":[{"href":"https:\/\/www.hashtag.al\/index.php\/wp-json\/wp\/v2\/posts\/269607","targetHints":{"allow":["GET"]}}],"collection":[{"href":"https:\/\/www.hashtag.al\/index.php\/wp-json\/wp\/v2\/posts"}],"about":[{"href":"https:\/\/www.hashtag.al\/index.php\/wp-json\/wp\/v2\/types\/post"}],"author":[{"embeddable":true,"href":"https:\/\/www.hashtag.al\/index.php\/wp-json\/wp\/v2\/users\/30"}],"replies":[{"embeddable":true,"href":"https:\/\/www.hashtag.al\/index.php\/wp-json\/wp\/v2\/comments?post=269607"}],"version-history":[{"count":0,"href":"https:\/\/www.hashtag.al\/index.php\/wp-json\/wp\/v2\/posts\/269607\/revisions"}],"wp:featuredmedia":[{"embeddable":true,"href":"https:\/\/www.hashtag.al\/index.php\/wp-json\/wp\/v2\/media\/269610"}],"wp:attachment":[{"href":"https:\/\/www.hashtag.al\/index.php\/wp-json\/wp\/v2\/media?parent=269607"}],"wp:term":[{"taxonomy":"category","embeddable":true,"href":"https:\/\/www.hashtag.al\/index.php\/wp-json\/wp\/v2\/categories?post=269607"},{"taxonomy":"post_tag","embeddable":true,"href":"https:\/\/www.hashtag.al\/index.php\/wp-json\/wp\/v2\/tags?post=269607"}],"curies":[{"name":"wp","href":"https:\/\/api.w.org\/{rel}","templated":true}]}}