{"id":269562,"date":"2019-01-28T23:20:16","date_gmt":"2019-01-28T22:20:16","guid":{"rendered":"https:\/\/hashtag.al\/?p=269562"},"modified":"2019-01-28T23:19:05","modified_gmt":"2019-01-28T22:19:05","slug":"nato-po-pergatet-protokolli-per-anetaresimin-e-maqedonise-se-veriut","status":"publish","type":"post","link":"https:\/\/www.hashtag.al\/index.php\/2019\/01\/28\/nato-po-pergatet-protokolli-per-anetaresimin-e-maqedonise-se-veriut\/","title":{"rendered":"NATO: Po p\u00ebrgatet Protokolli p\u00ebr an\u00ebtar\u00ebsimin e Maqedonis\u00eb s\u00eb Veriut","gt_translate_keys":[{"key":"rendered","format":"text"}]},"content":{"rendered":"<p><span style=\"color: #000000;\"><strong>\u00a0<img loading=\"lazy\" decoding=\"async\" class=\"aligncenter size-full wp-image-268115\" src=\"https:\/\/hashtag.al\/wp-content\/uploads\/2019\/01\/Nato.jpg\" alt=\"\" width=\"980\" height=\"551\" srcset=\"https:\/\/www.hashtag.al\/wp-content\/uploads\/2019\/01\/Nato.jpg 980w, https:\/\/www.hashtag.al\/wp-content\/uploads\/2019\/01\/Nato-300x169.jpg 300w, https:\/\/www.hashtag.al\/wp-content\/uploads\/2019\/01\/Nato-768x432.jpg 768w\" sizes=\"auto, (max-width: 980px) 100vw, 980px\" \/><\/strong><\/span><\/p>\n<p><span style=\"color: #000000;\">Sekretari i P\u00ebrgjithsh\u00ebm i NATO-s, Jens Stoltenberg, d\u00ebrgoi nj\u00eb let\u00ebr kthyese deri te ministri i Pun\u00ebve t\u00eb Jashtme t\u00eb Maqedonis\u00eb, Nikolla Dimitrov, me t\u00eb cil\u00ebn konfirmohet se \u00ebsht\u00eb pranuar letra e d\u00ebrguar nga kryediplomati i Maqedonis\u00eb, ku b\u00ebhet fjal\u00eb p\u00ebr an\u00ebtar\u00ebsim e vendit n\u00eb Aleanc\u00eb.<\/span><\/p>\n<p><span style=\"color: #000000;\">Si\u00e7 njofton Ministria e Jashtme e Maqedonis\u00eb, letra e ministrit Dimitrov u d\u00ebrgua m\u00eb 21 janar t\u00eb k\u00ebtij viti, nd\u00ebrsa n\u00eb t\u00eb \u00ebsht\u00eb shprehur gatishm\u00ebria dhe aft\u00ebsia e vendit p\u00ebr t&#8217;i pranuar dhe respektuar detyrimet p\u00ebr an\u00ebtar\u00ebsimin e saj n\u00eb NATO.<\/span><\/p>\n<p><span style=\"color: #000000;\">&#8220;N\u00eb letr\u00ebn e Sekretarit t\u00eb P\u00ebrgjithsh\u00ebm t\u00eb NATO-s theksohet se po p\u00ebrgatitet Prokolli p\u00ebr an\u00ebtar\u00ebsim, i cili parashikohet s\u00eb shpejti t\u00eb n\u00ebnshkruhet nga vendet an\u00ebtare t\u00eb NATO-s, p\u00ebr t\u00eb cil\u00ebn do t\u00eb pasoj\u00eb edhe ftesa deri te ministri Dimitrov p\u00ebr pjes\u00ebmarrje n\u00eb ceremonin\u00eb e n\u00ebnshkrimit t\u00eb Protokollit&#8221;, theksojn\u00eb nga Ministria e Jashtme.<\/span><\/p>\n<p><span style=\"color: #000000;\">Pas n\u00ebnshkrimit t\u00eb Protokollit p\u00ebr an\u00ebtar\u00ebsim, proces q\u00eb vijon pas ratifikimit t\u00eb Marr\u00ebveshjes s\u00eb Presp\u00ebs nga Parlamentet e t\u00eb dy vendeve fqinje, Maqedonis\u00eb dhe Greqis\u00eb, pason faza e ardhshme nga procesi p\u00ebr an\u00ebtar\u00ebsim pas s\u00eb cil\u00ebs mbetet ratifikimi i Protokollit n\u00eb parlamentet nacionale t\u00eb vendeve an\u00ebtare t\u00eb NATO-s.<\/span><\/p>\n","protected":false,"gt_translate_keys":[{"key":"rendered","format":"html"}]},"excerpt":{"rendered":"<p>\u00a0 Sekretari i P\u00ebrgjithsh\u00ebm i NATO-s, Jens Stoltenberg, d\u00ebrgoi nj\u00eb let\u00ebr kthyese deri te ministri i Pun\u00ebve t\u00eb Jashtme t\u00eb Maqedonis\u00eb, Nikolla Dimitrov, me t\u00eb cil\u00ebn konfirmohet se \u00ebsht\u00eb pranuar letra e d\u00ebrguar nga kryediplomati i Maqedonis\u00eb, ku b\u00ebhet fjal\u00eb p\u00ebr an\u00ebtar\u00ebsim e vendit n\u00eb Aleanc\u00eb. Si\u00e7 njofton Ministria e Jashtme e Maqedonis\u00eb, letra e [&hellip;]<\/p>\n","protected":false,"gt_translate_keys":[{"key":"rendered","format":"html"}]},"author":32,"featured_media":268115,"comment_status":"open","ping_status":"open","sticky":false,"template":"","format":"standard","meta":{"footnotes":""},"categories":[149],"tags":[],"class_list":["post-269562","post","type-post","status-publish","format-standard","has-post-thumbnail","hentry","category-kosoverajon"],"gt_translate_keys":[{"key":"link","format":"url"}],"_links":{"self":[{"href":"https:\/\/www.hashtag.al\/index.php\/wp-json\/wp\/v2\/posts\/269562","targetHints":{"allow":["GET"]}}],"collection":[{"href":"https:\/\/www.hashtag.al\/index.php\/wp-json\/wp\/v2\/posts"}],"about":[{"href":"https:\/\/www.hashtag.al\/index.php\/wp-json\/wp\/v2\/types\/post"}],"author":[{"embeddable":true,"href":"https:\/\/www.hashtag.al\/index.php\/wp-json\/wp\/v2\/users\/32"}],"replies":[{"embeddable":true,"href":"https:\/\/www.hashtag.al\/index.php\/wp-json\/wp\/v2\/comments?post=269562"}],"version-history":[{"count":0,"href":"https:\/\/www.hashtag.al\/index.php\/wp-json\/wp\/v2\/posts\/269562\/revisions"}],"wp:featuredmedia":[{"embeddable":true,"href":"https:\/\/www.hashtag.al\/index.php\/wp-json\/wp\/v2\/media\/268115"}],"wp:attachment":[{"href":"https:\/\/www.hashtag.al\/index.php\/wp-json\/wp\/v2\/media?parent=269562"}],"wp:term":[{"taxonomy":"category","embeddable":true,"href":"https:\/\/www.hashtag.al\/index.php\/wp-json\/wp\/v2\/categories?post=269562"},{"taxonomy":"post_tag","embeddable":true,"href":"https:\/\/www.hashtag.al\/index.php\/wp-json\/wp\/v2\/tags?post=269562"}],"curies":[{"name":"wp","href":"https:\/\/api.w.org\/{rel}","templated":true}]}}