{"id":269547,"date":"2019-01-28T21:45:31","date_gmt":"2019-01-28T20:45:31","guid":{"rendered":"https:\/\/hashtag.al\/?p=269547"},"modified":"2019-01-28T21:43:38","modified_gmt":"2019-01-28T20:43:38","slug":"shkarkimi-si-ministre-nikolla-gota-plasi-ne-doren-time","status":"publish","type":"post","link":"https:\/\/www.hashtag.al\/index.php\/2019\/01\/28\/shkarkimi-si-ministre-nikolla-gota-plasi-ne-doren-time\/","title":{"rendered":"Shkarkimi si ministre, Nikolla: Gota plasi n\u00eb dor\u00ebn time","gt_translate_keys":[{"key":"rendered","format":"text"}]},"content":{"rendered":"<p><span style=\"color: #000000;\"><img loading=\"lazy\" decoding=\"async\" class=\"aligncenter size-full wp-image-269548\" src=\"https:\/\/hashtag.al\/wp-content\/uploads\/2019\/01\/LINDITA-NIKOLLA-ADI-KRASTA-1-770x433.jpg\" alt=\"\" width=\"770\" height=\"433\" srcset=\"https:\/\/www.hashtag.al\/wp-content\/uploads\/2019\/01\/LINDITA-NIKOLLA-ADI-KRASTA-1-770x433.jpg 770w, https:\/\/www.hashtag.al\/wp-content\/uploads\/2019\/01\/LINDITA-NIKOLLA-ADI-KRASTA-1-770x433-300x169.jpg 300w, https:\/\/www.hashtag.al\/wp-content\/uploads\/2019\/01\/LINDITA-NIKOLLA-ADI-KRASTA-1-770x433-768x432.jpg 768w\" sizes=\"auto, (max-width: 770px) 100vw, 770px\" \/><\/span><\/p>\n<p><span style=\"color: #000000;\">Ish-ministrja e Arsimit Lindita Nikolla ka folur p\u00ebr shkarkimin e saj duke deklaruar se ky shkarkim erdhi pas nj\u00eb momenti t\u00eb fort\u00eb q\u00eb e cil\u00ebsoi si nj\u00eb moment ku i plasi gota n\u00eb dor\u00eb dhe normal q\u00eb duhet t\u00eb largohej.<\/span><\/p>\n<p><span style=\"color: #000000;\">M\u00eb tej Nikolla e komentoi rifresikimin e qeveris\u00eb pasi kabinetikishte nevoj\u00eb p\u00ebr energji t\u00eb reja.<\/span><\/p>\n<p><span style=\"color: #000000;\">\u201cIshte nj\u00eb moment i fort\u00eb q\u00eb le t\u00eb themi gota plasi n\u00eb dor\u00ebn time dhe normal q\u00eb un\u00eb duhet t\u00eb largohesha, por arsyet e tjera p\u00ebr t\u2019i dh\u00ebn\u00eb nj\u00eb energji t\u00eb re dhe nj\u00eb reflektimi t\u00eb thell\u00eb, kryeministri por jo vet\u00ebm gjith\u00eb mazhoranca dhe qeverisja fal\u00eb edhe protest\u00ebs s\u00eb student\u00ebve ndodhi dhe u pa e arsyeshme q\u00eb duhej nj\u00eb sinergji dhe nj\u00eb skuad\u00ebr e re p\u00ebr t\u00eb ecur p\u00ebrpara me programin e qeveris\u00eb\u201d-deklaroi Nikolla n\u00eb emisionin A Show n\u00eb News 24.<\/span><\/p>\n","protected":false,"gt_translate_keys":[{"key":"rendered","format":"html"}]},"excerpt":{"rendered":"<p>Ish-ministrja e Arsimit Lindita Nikolla ka folur p\u00ebr shkarkimin e saj duke deklaruar se ky shkarkim erdhi pas nj\u00eb momenti t\u00eb fort\u00eb q\u00eb e cil\u00ebsoi si nj\u00eb moment ku i plasi gota n\u00eb dor\u00eb dhe normal q\u00eb duhet t\u00eb largohej. M\u00eb tej Nikolla e komentoi rifresikimin e qeveris\u00eb pasi kabinetikishte nevoj\u00eb p\u00ebr energji t\u00eb reja. [&hellip;]<\/p>\n","protected":false,"gt_translate_keys":[{"key":"rendered","format":"html"}]},"author":32,"featured_media":269548,"comment_status":"open","ping_status":"open","sticky":false,"template":"","format":"standard","meta":{"footnotes":""},"categories":[65,13],"tags":[],"class_list":["post-269547","post","type-post","status-publish","format-standard","has-post-thumbnail","hentry","category-lajme","category-te-fundit"],"gt_translate_keys":[{"key":"link","format":"url"}],"_links":{"self":[{"href":"https:\/\/www.hashtag.al\/index.php\/wp-json\/wp\/v2\/posts\/269547","targetHints":{"allow":["GET"]}}],"collection":[{"href":"https:\/\/www.hashtag.al\/index.php\/wp-json\/wp\/v2\/posts"}],"about":[{"href":"https:\/\/www.hashtag.al\/index.php\/wp-json\/wp\/v2\/types\/post"}],"author":[{"embeddable":true,"href":"https:\/\/www.hashtag.al\/index.php\/wp-json\/wp\/v2\/users\/32"}],"replies":[{"embeddable":true,"href":"https:\/\/www.hashtag.al\/index.php\/wp-json\/wp\/v2\/comments?post=269547"}],"version-history":[{"count":0,"href":"https:\/\/www.hashtag.al\/index.php\/wp-json\/wp\/v2\/posts\/269547\/revisions"}],"wp:featuredmedia":[{"embeddable":true,"href":"https:\/\/www.hashtag.al\/index.php\/wp-json\/wp\/v2\/media\/269548"}],"wp:attachment":[{"href":"https:\/\/www.hashtag.al\/index.php\/wp-json\/wp\/v2\/media?parent=269547"}],"wp:term":[{"taxonomy":"category","embeddable":true,"href":"https:\/\/www.hashtag.al\/index.php\/wp-json\/wp\/v2\/categories?post=269547"},{"taxonomy":"post_tag","embeddable":true,"href":"https:\/\/www.hashtag.al\/index.php\/wp-json\/wp\/v2\/tags?post=269547"}],"curies":[{"name":"wp","href":"https:\/\/api.w.org\/{rel}","templated":true}]}}