{"id":269310,"date":"2019-01-28T10:11:11","date_gmt":"2019-01-28T09:11:11","guid":{"rendered":"https:\/\/hashtag.al\/?p=269310"},"modified":"2019-01-28T10:16:09","modified_gmt":"2019-01-28T09:16:09","slug":"u-akuzua-si-bashkepunetor-i-ish-sigurimit-flet-bujar-sheshi-duan-te-godasin-reformen-ne-drejtesi","status":"publish","type":"post","link":"https:\/\/www.hashtag.al\/index.php\/2019\/01\/28\/u-akuzua-si-bashkepunetor-i-ish-sigurimit-flet-bujar-sheshi-duan-te-godasin-reformen-ne-drejtesi\/","title":{"rendered":"U akuzua si bashk\u00ebpun\u00ebtor i ish-Sigurimit, flet Bujar Sheshi: Duan t\u00eb godasin reform\u00ebn n\u00eb drejt\u00ebsi","gt_translate_keys":[{"key":"rendered","format":"text"}]},"content":{"rendered":"<p><span style=\"color: #000000;\"><img loading=\"lazy\" decoding=\"async\" class=\"aligncenter size-full wp-image-269311\" src=\"https:\/\/hashtag.al\/wp-content\/uploads\/2019\/01\/Bujar-sheshi-28-janar.jpg\" alt=\"\" width=\"1024\" height=\"422\" srcset=\"https:\/\/www.hashtag.al\/wp-content\/uploads\/2019\/01\/Bujar-sheshi-28-janar.jpg 1024w, https:\/\/www.hashtag.al\/wp-content\/uploads\/2019\/01\/Bujar-sheshi-28-janar-300x124.jpg 300w, https:\/\/www.hashtag.al\/wp-content\/uploads\/2019\/01\/Bujar-sheshi-28-janar-768x317.jpg 768w\" sizes=\"auto, (max-width: 1024px) 100vw, 1024px\" \/><\/span><\/p>\n<p><span style=\"color: #000000;\">An\u00ebtari i K\u00ebshillit t\u00eb Lart\u00eb t\u00eb Prokuroris\u00eb, Bujar Sheshi, ka hedhur posht\u00eb akuzat ndaj tij se ka qen\u00eb bashk\u00ebpun\u00ebtor i ish-Sigurimit t\u00eb Shtetit gjat\u00eb koh\u00ebs s\u00eb diktatur\u00ebs. <\/span><\/p>\n<p><span style=\"color: #000000;\">N\u00eb nj\u00eb deklarat\u00eb n\u00eb fillim t\u00eb mbledhjes s\u00eb KLP-s\u00eb, Sheshi tha se i hedh posht\u00eb k\u00ebto akuza t\u00eb ul\u00ebta q\u00eb kan\u00eb ardhur nga opozita dhe k\u00ebrkoi zbardhjen e sulmit t\u00eb cilin e em\u00ebrtoi si mafioz.<\/span><\/p>\n<p><span style=\"color: #000000;\"><em>\u201cSynohet t\u00eb goditet reforma n\u00eb drejt\u00ebsi si dhe procesi i vettingut, \u00ebsht\u00eb nj\u00eb goditje e ul\u00ebt p\u00ebr t\u00eb sulmuar dinjitetin tim. Sipas mendimit tim nuk synohet goditja ime si person si an\u00ebtar i KLP-s\u00eb, por synohet goditja e institucionit t\u00eb KLP-s\u00eb, pasi kemi ardhur ne \u00e7astin e ngritjes s\u00eb SPAK-ut dhe zgjedhjes s\u00eb Prokurores s\u00eb P\u00ebrgjithshme. <\/em><\/span><\/p>\n<p><span style=\"color: #000000;\"><em>Pas k\u00ebsaj goditjeje fshihen persona t\u00eb fuqish\u00ebm n\u00eb politik\u00eb nga t\u00eb dy krah\u00ebt e saj. K\u00ebrkoj ndihm\u00ebn tuaj p\u00ebr t\u00eb zbardhur t\u00eb v\u00ebrtet\u00ebn dhe zbardhjen e k\u00ebtij akti mafioz. Me ose pa Bujar Sheshin, SPAK do ngrihet dhe Kryeprokurori do zgjidhet.\u201d<\/em> &#8211; tha Sheshi.<\/span><\/p>\n<p><span style=\"color: #000000;\">Kreu i KLP-s\u00eb, Ibrahimi, tha se institucioni q\u00eb drejton do e shqyrtoj\u00eb rastin n\u00eb fjal\u00eb dhe m\u00eb pas do dal\u00eb me nj\u00eb komunikat\u00eb zyrtare p\u00ebr t\u00eb sqaruar publikun n\u00eb dit\u00ebt n\u00eb vijim.<\/span><\/p>\n<p><span style=\"color: #000000;\"><img loading=\"lazy\" decoding=\"async\" class=\"aligncenter size-full wp-image-269313\" src=\"https:\/\/hashtag.al\/wp-content\/uploads\/2019\/01\/bujarsheshi3.jpg\" alt=\"\" width=\"770\" height=\"433\" srcset=\"https:\/\/www.hashtag.al\/wp-content\/uploads\/2019\/01\/bujarsheshi3.jpg 770w, https:\/\/www.hashtag.al\/wp-content\/uploads\/2019\/01\/bujarsheshi3-300x169.jpg 300w, https:\/\/www.hashtag.al\/wp-content\/uploads\/2019\/01\/bujarsheshi3-768x432.jpg 768w\" sizes=\"auto, (max-width: 770px) 100vw, 770px\" \/><\/span><\/p>\n","protected":false,"gt_translate_keys":[{"key":"rendered","format":"html"}]},"excerpt":{"rendered":"<p>An\u00ebtari i K\u00ebshillit t\u00eb Lart\u00eb t\u00eb Prokuroris\u00eb, Bujar Sheshi, ka hedhur posht\u00eb akuzat ndaj tij se ka qen\u00eb bashk\u00ebpun\u00ebtor i ish-Sigurimit t\u00eb Shtetit gjat\u00eb koh\u00ebs s\u00eb diktatur\u00ebs. N\u00eb nj\u00eb deklarat\u00eb n\u00eb fillim t\u00eb mbledhjes s\u00eb KLP-s\u00eb, Sheshi tha se i hedh posht\u00eb k\u00ebto akuza t\u00eb ul\u00ebta q\u00eb kan\u00eb ardhur nga opozita dhe k\u00ebrkoi zbardhjen e [&hellip;]<\/p>\n","protected":false,"gt_translate_keys":[{"key":"rendered","format":"html"}]},"author":51,"featured_media":269312,"comment_status":"open","ping_status":"open","sticky":false,"template":"","format":"standard","meta":{"footnotes":""},"categories":[65,13],"tags":[],"class_list":["post-269310","post","type-post","status-publish","format-standard","has-post-thumbnail","hentry","category-lajme","category-te-fundit"],"gt_translate_keys":[{"key":"link","format":"url"}],"_links":{"self":[{"href":"https:\/\/www.hashtag.al\/index.php\/wp-json\/wp\/v2\/posts\/269310","targetHints":{"allow":["GET"]}}],"collection":[{"href":"https:\/\/www.hashtag.al\/index.php\/wp-json\/wp\/v2\/posts"}],"about":[{"href":"https:\/\/www.hashtag.al\/index.php\/wp-json\/wp\/v2\/types\/post"}],"author":[{"embeddable":true,"href":"https:\/\/www.hashtag.al\/index.php\/wp-json\/wp\/v2\/users\/51"}],"replies":[{"embeddable":true,"href":"https:\/\/www.hashtag.al\/index.php\/wp-json\/wp\/v2\/comments?post=269310"}],"version-history":[{"count":0,"href":"https:\/\/www.hashtag.al\/index.php\/wp-json\/wp\/v2\/posts\/269310\/revisions"}],"wp:featuredmedia":[{"embeddable":true,"href":"https:\/\/www.hashtag.al\/index.php\/wp-json\/wp\/v2\/media\/269312"}],"wp:attachment":[{"href":"https:\/\/www.hashtag.al\/index.php\/wp-json\/wp\/v2\/media?parent=269310"}],"wp:term":[{"taxonomy":"category","embeddable":true,"href":"https:\/\/www.hashtag.al\/index.php\/wp-json\/wp\/v2\/categories?post=269310"},{"taxonomy":"post_tag","embeddable":true,"href":"https:\/\/www.hashtag.al\/index.php\/wp-json\/wp\/v2\/tags?post=269310"}],"curies":[{"name":"wp","href":"https:\/\/api.w.org\/{rel}","templated":true}]}}