{"id":269085,"date":"2019-01-27T12:38:37","date_gmt":"2019-01-27T11:38:37","guid":{"rendered":"https:\/\/hashtag.al\/?p=269085"},"modified":"2019-01-27T12:45:40","modified_gmt":"2019-01-27T11:45:40","slug":"polici-u-rrah-gati-per-vdekje-nga-te-burgosurit-vip-ne-peqin-por-rasti-mbahet-i-fshehte-denoncimi","status":"publish","type":"post","link":"https:\/\/www.hashtag.al\/index.php\/2019\/01\/27\/polici-u-rrah-gati-per-vdekje-nga-te-burgosurit-vip-ne-peqin-por-rasti-mbahet-i-fshehte-denoncimi\/","title":{"rendered":"&#8220;Polici u rrah gati p\u00ebr vdekje nga t\u00eb burgosurit VIP n\u00eb Peqin, por rasti mbahet i fsheht\u00eb&#8221; &#8211; Denoncimi","gt_translate_keys":[{"key":"rendered","format":"text"}]},"content":{"rendered":"<p><img loading=\"lazy\" decoding=\"async\" class=\"aligncenter size-full wp-image-243778\" src=\"https:\/\/hashtag.al\/wp-content\/uploads\/2018\/10\/Berisha-1.jpg\" alt=\"\" width=\"884\" height=\"530\" \/><\/p>\n<p><span style=\"color: #000000;\">Ish-kryeministri Sali Berisha, ka denoncuar sot situat\u00ebn n\u00eb nj\u00eb nga burgjet e siguris\u00eb s\u00eb lart\u00eb n\u00eb vend, ku polic\u00ebt rrezikojn\u00eb edhe jet\u00ebn p\u00ebr shkak t\u00eb sjelljes s\u00eb t\u00eb burgosurve.<\/span><\/p>\n<p><span style=\"color: #000000;\">Sipas Berish\u00ebs, miqt\u00eb e qeveritar\u00ebve dhe baron\u00ebt e drog\u00ebs b\u00ebjn\u00eb ligjin, duke rrahur dhe keqtrajtuar personelin dhe drejtoria e burgjeve mbulon krimet e tyre ndaj punonj\u00ebsve.<\/span><\/p>\n<p><em><span style=\"color: #000000;\">\u201cBurgjet ku ligjin e b\u00ebjn\u00eb baron\u00ebt e krimit dhe drog\u00ebs!<\/span><\/em><\/p>\n<p><em><span style=\"color: #000000;\">Miq, burgjet tona jan\u00eb ferr i v\u00ebrtet\u00eb p\u00ebr fukarejt\u00eb dhe njer\u00ebzit e pambrojtur. Pothuaj \u00e7do jav\u00eb vdesin t\u00eb burgosur t\u00eb varf\u00ebr, nga s\u00ebmundje t\u00eb pamjekuara, keqtrajtimi etj.<\/span><\/em><\/p>\n<p><span style=\"color: #000000;\"><em>Kurse miqt\u00eb e qeveritar\u00ebve, baron\u00ebt e drog\u00ebs dhe krimit b\u00ebjn\u00eb ligjin. Ata rrahin, keqtrajtojn\u00eb personelin dhe drejtoria e burgjeve mbulon krimet e tyre ndaj punonj\u00ebsve. Lexoni denoncimin e qytetarit dixhital.\u201d<\/em>, shkruan Berisha.<\/span><\/p>\n<p><span style=\"color: #000000;\">Ish-kryeministri ka publikuar denoncimin e qytetarit, i cili tregon se si nj\u00eb polic \u00ebsht\u00eb rrahur n\u00eb ambientet e burgut t\u00eb Peqinit.<\/span><\/p>\n<p><strong><span style=\"color: #000000;\">Denoncimi i qytetarit<\/span><\/strong><\/p>\n<p><span style=\"color: #000000;\">Ju p\u00ebrsh\u00ebndes Doktor. Me respektin p\u00ebr ju si qytetar, kam mund\u00ebsin\u00eb q\u00eb t\u2019ju shkruaj di\u00e7ka q\u00eb do jet\u00eb e vlefshme p\u00ebr t\u2019u denoncuar, si nj\u00eb problem real q\u00eb po ndodh n\u00eb burgjet e vendit.<\/span><\/p>\n<p><span style=\"color: #000000;\">Ajo q\u00eb do t\u00eb k\u00ebrkoja nga ju p\u00ebr shkak t\u00eb besueshm\u00ebris\u00eb s\u00eb konfidencialitetit, sepse ai q\u00eb ma ka th\u00ebn\u00eb \u00ebsht\u00eb punonj\u00ebs i burgut t\u00eb Peqinit (polic), m\u00eb thot\u00eb se n\u00eb k\u00ebt\u00eb burg t\u00eb siguris\u00eb s\u00eb lart\u00eb ku ka t\u00eb burgosur t\u00eb p\u00ebrjetsh\u00ebm, sjellja e t\u00eb burgosurve me personelin e sh\u00ebrbimit, polic\u00ebt dhe me edukatoret, \u00ebsht\u00eb jo normale.<\/span><\/p>\n<p><span style=\"color: #000000;\">Para disa muajsh nj\u00eb polic \u00ebsht\u00eb rrahur gati p\u00ebr vdekje, e mor\u00ebn me barrel\u00eb nga nj\u00eb i burgosur apo disa t\u00eb burgosur p\u00ebr nj\u00eb shkak t\u00eb par\u00ebnd\u00ebsish\u00ebm.<\/span><\/p>\n<p><span style=\"color: #000000;\">Po k\u00ebshtu para disa dit\u00ebsh nj\u00eb edukator \u00ebsht\u00eb q\u00eblluar nga dy t\u00eb burgosur.<\/span><\/p>\n<p><span style=\"color: #000000;\">P\u00ebr k\u00ebto raste nga drejtoria e burgjeve \u00ebsht\u00eb heshtur dhe nuk b\u00ebhet asnj\u00eb denoncim, rastet mbahen t\u00eb fsheht\u00eb, edhe pse kemi t\u00eb b\u00ebjm\u00eb me nj\u00eb burg t\u00eb siguris\u00eb s\u00eb lart\u00eb.<\/span><\/p>\n<p><span style=\"color: #000000;\">Nga polici n\u00eb fjal\u00eb thuhet se takimet e polic\u00ebve kur shkojn\u00eb n\u00eb takimet e t\u00eb burgosurve \u00ebsht\u00eb jasht\u00eb \u00e7do parametri, ku \u00e7do edukatori apo polici mund t\u2019i merret edhe jeta nga t\u00eb burgosurit dhe askush nuk mban p\u00ebrgjegj\u00ebsi. Pa folur pastaj p\u00ebr futjen e sendeve dhe l\u00ebnd\u00ebve narkotike qe sjellin m\u00eb pas efekte negative n\u00eb sjelljet me personelin.<\/span><\/p>\n<p><span style=\"color: #000000;\">Shpresoj n\u00eb mir\u00ebkuptimin e konfidencialitetit, por edhe t\u00eb v\u00ebrtet\u00ebsis\u00eb s\u00eb informacionit.<\/span><\/p>\n<p><span style=\"color: #000000;\">Pale t\u00eb flas\u00ebsh p\u00ebr nivelin e punonj\u00ebsve apo punonj\u00ebseve sidomos atyre q\u00eb jan\u00eb caktuar nga partia e Edi Ram\u00ebs q\u00eb jan\u00eb n\u00ebn nivelin e lejuar, me arsim t\u00eb bler\u00eb dhe shkollim t\u00eb mang\u00ebt.<\/span><\/p>\n<p><span style=\"color: #000000;\">K\u00ebt\u00eb t\u00eb v\u00ebrtet\u00eb e thash\u00eb duke marr\u00eb shkas se si \u00ebsht\u00eb regjimi i t\u00eb burgosurve n\u00eb SHBA p\u00ebrmes nj\u00eb filmi, ku t\u00eb burgosurit nuk b\u00ebhen dot si gangster\u00eb, nd\u00ebrsa n\u00eb burgjet tona, t\u00eb burgosurit sillen tamam si kapo dhe punonj\u00ebsve nuk ua mban t\u00eb b\u00ebjn\u00eb g\u00ebk-m\u00ebk se i pushojn\u00eb nga puna, edhe pse jan\u00eb t\u00eb rrezikuar me jet\u00ebn.<\/span><\/p>\n<p><img loading=\"lazy\" decoding=\"async\" class=\"aligncenter size-full wp-image-269086\" src=\"https:\/\/hashtag.al\/wp-content\/uploads\/2019\/01\/peqin.jpg\" alt=\"\" width=\"900\" height=\"506\" srcset=\"https:\/\/www.hashtag.al\/wp-content\/uploads\/2019\/01\/peqin.jpg 900w, https:\/\/www.hashtag.al\/wp-content\/uploads\/2019\/01\/peqin-300x169.jpg 300w, https:\/\/www.hashtag.al\/wp-content\/uploads\/2019\/01\/peqin-768x432.jpg 768w\" sizes=\"auto, (max-width: 900px) 100vw, 900px\" \/><\/p>\n<p>&nbsp;<\/p>\n","protected":false,"gt_translate_keys":[{"key":"rendered","format":"html"}]},"excerpt":{"rendered":"<p>Ish-kryeministri Sali Berisha, ka denoncuar sot situat\u00ebn n\u00eb nj\u00eb nga burgjet e siguris\u00eb s\u00eb lart\u00eb n\u00eb vend, ku polic\u00ebt rrezikojn\u00eb edhe jet\u00ebn p\u00ebr shkak t\u00eb sjelljes s\u00eb t\u00eb burgosurve. Sipas Berish\u00ebs, miqt\u00eb e qeveritar\u00ebve dhe baron\u00ebt e drog\u00ebs b\u00ebjn\u00eb ligjin, duke rrahur dhe keqtrajtuar personelin dhe drejtoria e burgjeve mbulon krimet e tyre ndaj punonj\u00ebsve. [&hellip;]<\/p>\n","protected":false,"gt_translate_keys":[{"key":"rendered","format":"html"}]},"author":30,"featured_media":269086,"comment_status":"open","ping_status":"open","sticky":false,"template":"","format":"standard","meta":{"footnotes":""},"categories":[65,13],"tags":[],"class_list":["post-269085","post","type-post","status-publish","format-standard","has-post-thumbnail","hentry","category-lajme","category-te-fundit"],"gt_translate_keys":[{"key":"link","format":"url"}],"_links":{"self":[{"href":"https:\/\/www.hashtag.al\/index.php\/wp-json\/wp\/v2\/posts\/269085","targetHints":{"allow":["GET"]}}],"collection":[{"href":"https:\/\/www.hashtag.al\/index.php\/wp-json\/wp\/v2\/posts"}],"about":[{"href":"https:\/\/www.hashtag.al\/index.php\/wp-json\/wp\/v2\/types\/post"}],"author":[{"embeddable":true,"href":"https:\/\/www.hashtag.al\/index.php\/wp-json\/wp\/v2\/users\/30"}],"replies":[{"embeddable":true,"href":"https:\/\/www.hashtag.al\/index.php\/wp-json\/wp\/v2\/comments?post=269085"}],"version-history":[{"count":0,"href":"https:\/\/www.hashtag.al\/index.php\/wp-json\/wp\/v2\/posts\/269085\/revisions"}],"wp:featuredmedia":[{"embeddable":true,"href":"https:\/\/www.hashtag.al\/index.php\/wp-json\/wp\/v2\/media\/269086"}],"wp:attachment":[{"href":"https:\/\/www.hashtag.al\/index.php\/wp-json\/wp\/v2\/media?parent=269085"}],"wp:term":[{"taxonomy":"category","embeddable":true,"href":"https:\/\/www.hashtag.al\/index.php\/wp-json\/wp\/v2\/categories?post=269085"},{"taxonomy":"post_tag","embeddable":true,"href":"https:\/\/www.hashtag.al\/index.php\/wp-json\/wp\/v2\/tags?post=269085"}],"curies":[{"name":"wp","href":"https:\/\/api.w.org\/{rel}","templated":true}]}}