{"id":269021,"date":"2019-01-27T09:55:20","date_gmt":"2019-01-27T08:55:20","guid":{"rendered":"https:\/\/hashtag.al\/?p=269021"},"modified":"2019-01-27T09:56:03","modified_gmt":"2019-01-27T08:56:03","slug":"zjarrfikesja-1-ore-e-gjysme-me-vonese-digjet-banesa-ne-diber-video","status":"publish","type":"post","link":"https:\/\/www.hashtag.al\/index.php\/2019\/01\/27\/zjarrfikesja-1-ore-e-gjysme-me-vonese-digjet-banesa-ne-diber-video\/","title":{"rendered":"&#8220;Zjarrfik\u00ebsja 1 or\u00eb e gjysm\u00eb me vones\u00eb, digjet banesa n\u00eb Dib\u00ebr&#8221; (VIDEO)","gt_translate_keys":[{"key":"rendered","format":"text"}]},"content":{"rendered":"<p><span style=\"color: #000000;\"><em><img loading=\"lazy\" decoding=\"async\" class=\"aligncenter size-full wp-image-269023\" src=\"https:\/\/hashtag.al\/wp-content\/uploads\/2019\/01\/Diber-1.jpg\" alt=\"\" width=\"2000\" height=\"1454\" srcset=\"https:\/\/www.hashtag.al\/wp-content\/uploads\/2019\/01\/Diber-1.jpg 2000w, https:\/\/www.hashtag.al\/wp-content\/uploads\/2019\/01\/Diber-1-300x218.jpg 300w, https:\/\/www.hashtag.al\/wp-content\/uploads\/2019\/01\/Diber-1-768x558.jpg 768w, https:\/\/www.hashtag.al\/wp-content\/uploads\/2019\/01\/Diber-1-1024x744.jpg 1024w\" sizes=\"auto, (max-width: 2000px) 100vw, 2000px\" \/><\/em><\/span><\/p>\n<p><span style=\"color: #000000;\"><em>\u201cFlak\u00ebt djegin sht\u00ebpin\u00eb, zjarrfik\u00ebsja shkon pasi b\u00ebhet shkrumb e hi!\u201d<\/em>, k\u00ebshtu shprehet Sali Berisha krahas nj\u00eb videoje t\u00eb cil\u00ebn e ka publikuar n\u00eb rrjetet sociale.<\/span><\/p>\n<p><span style=\"color: #000000;\">Ish-kryeministri, ka publikuar denoncimin e nj\u00eb banori t\u00eb Maqellar\u00ebs, n\u00eb Dib\u00ebr, i cili tregon se nj\u00eb banes\u00eb ka marr\u00eb flak\u00eb, por zjarrfik\u00ebsja ka mb\u00ebrritur nj\u00eb or\u00eb e gjysm\u00eb me vones\u00eb, at\u00ebhere kur sht\u00ebpia \u00ebsht\u00eb shkrumbuar e gjitha.<\/span><\/p>\n<p><em><span style=\"color: #000000;\">\u201cP\u00ebrsh\u00ebndetje z.Berisha,<\/span><\/em><br \/>\n<em><span style=\"color: #000000;\"> Jam nj\u00eb banor i nj\u00ebsis\u00eb administrative Maqellar\u00eb t\u00eb Dibr\u00ebs&#8230;<\/span><\/em><br \/>\n<span style=\"color: #000000;\"><em> Nj\u00eb zjarr i r\u00ebn\u00eb n\u00eb nj\u00eb banes\u00eb sot ka krijuar panik te banor\u00ebt e k\u00ebtij vendi&#8230; por paniku m\u00eb i madh ishte se zjarrfik\u00ebsja erdhi me gati 1 or\u00eb 30 min me vones\u00eb.\u201d,<\/em> shkruan qytetari.<\/span><\/p>\n<p>&nbsp;<\/p>\n<div style=\"width: 220px;\" class=\"wp-video\"><video class=\"wp-video-shortcode\" id=\"video-269021-1\" width=\"220\" height=\"400\" preload=\"metadata\" controls=\"controls\"><source type=\"video\/mp4\" src=\"https:\/\/hashtag.al\/wp-content\/uploads\/2019\/01\/video-e-Berishes.mp4?_=1\" \/><a href=\"https:\/\/hashtag.al\/wp-content\/uploads\/2019\/01\/video-e-Berishes.mp4\">https:\/\/hashtag.al\/wp-content\/uploads\/2019\/01\/video-e-Berishes.mp4<\/a><\/video><\/div>\n","protected":false,"gt_translate_keys":[{"key":"rendered","format":"html"}]},"excerpt":{"rendered":"<p>\u201cFlak\u00ebt djegin sht\u00ebpin\u00eb, zjarrfik\u00ebsja shkon pasi b\u00ebhet shkrumb e hi!\u201d, k\u00ebshtu shprehet Sali Berisha krahas nj\u00eb videoje t\u00eb cil\u00ebn e ka publikuar n\u00eb rrjetet sociale. Ish-kryeministri, ka publikuar denoncimin e nj\u00eb banori t\u00eb Maqellar\u00ebs, n\u00eb Dib\u00ebr, i cili tregon se nj\u00eb banes\u00eb ka marr\u00eb flak\u00eb, por zjarrfik\u00ebsja ka mb\u00ebrritur nj\u00eb or\u00eb e gjysm\u00eb me vones\u00eb, [&hellip;]<\/p>\n","protected":false,"gt_translate_keys":[{"key":"rendered","format":"html"}]},"author":30,"featured_media":269022,"comment_status":"open","ping_status":"open","sticky":false,"template":"","format":"standard","meta":{"footnotes":""},"categories":[65,13],"tags":[],"class_list":["post-269021","post","type-post","status-publish","format-standard","has-post-thumbnail","hentry","category-lajme","category-te-fundit"],"gt_translate_keys":[{"key":"link","format":"url"}],"_links":{"self":[{"href":"https:\/\/www.hashtag.al\/index.php\/wp-json\/wp\/v2\/posts\/269021","targetHints":{"allow":["GET"]}}],"collection":[{"href":"https:\/\/www.hashtag.al\/index.php\/wp-json\/wp\/v2\/posts"}],"about":[{"href":"https:\/\/www.hashtag.al\/index.php\/wp-json\/wp\/v2\/types\/post"}],"author":[{"embeddable":true,"href":"https:\/\/www.hashtag.al\/index.php\/wp-json\/wp\/v2\/users\/30"}],"replies":[{"embeddable":true,"href":"https:\/\/www.hashtag.al\/index.php\/wp-json\/wp\/v2\/comments?post=269021"}],"version-history":[{"count":0,"href":"https:\/\/www.hashtag.al\/index.php\/wp-json\/wp\/v2\/posts\/269021\/revisions"}],"wp:featuredmedia":[{"embeddable":true,"href":"https:\/\/www.hashtag.al\/index.php\/wp-json\/wp\/v2\/media\/269022"}],"wp:attachment":[{"href":"https:\/\/www.hashtag.al\/index.php\/wp-json\/wp\/v2\/media?parent=269021"}],"wp:term":[{"taxonomy":"category","embeddable":true,"href":"https:\/\/www.hashtag.al\/index.php\/wp-json\/wp\/v2\/categories?post=269021"},{"taxonomy":"post_tag","embeddable":true,"href":"https:\/\/www.hashtag.al\/index.php\/wp-json\/wp\/v2\/tags?post=269021"}],"curies":[{"name":"wp","href":"https:\/\/api.w.org\/{rel}","templated":true}]}}