{"id":269019,"date":"2019-01-27T09:43:18","date_gmt":"2019-01-27T08:43:18","guid":{"rendered":"https:\/\/hashtag.al\/?p=269019"},"modified":"2019-01-27T09:43:58","modified_gmt":"2019-01-27T08:43:58","slug":"vodhi-karburantin-ne-sauk-kapet-pas-tri-ditesh-i-dyshuari","status":"publish","type":"post","link":"https:\/\/www.hashtag.al\/index.php\/2019\/01\/27\/vodhi-karburantin-ne-sauk-kapet-pas-tri-ditesh-i-dyshuari\/","title":{"rendered":"Vodhi karburantin n\u00eb Sauk, kapet pas tri dit\u00ebsh i dyshuari","gt_translate_keys":[{"key":"rendered","format":"text"}]},"content":{"rendered":"<p><img loading=\"lazy\" decoding=\"async\" class=\"aligncenter size-full wp-image-146665\" src=\"https:\/\/hashtag.al\/wp-content\/uploads\/2017\/07\/auto_grabitje-karburanti1481557297.jpg\" alt=\"\" width=\"900\" height=\"635\" \/><\/p>\n<p><span style=\"color: #000000;\">Nj\u00eb karburant \u00ebsht\u00eb vjedhur mbr\u00ebmjen e 24 janarit n\u00eb periferi t\u00eb kryeqytetit. M\u00ebngjesin e sot\u00ebm, policia ka njoftuar se ka arrestuar t\u00eb dyshuarin p\u00ebr vjedhjen e pik\u00ebs s\u00eb karburantit n\u00eb Sauk t\u00eb Vjet\u00ebr.<\/span><\/p>\n<p><span style=\"color: #000000;\">I arrestuari quhet Kledi Bunaca dhe \u00ebsht\u00eb 26 vje\u00e7. Ai \u00ebsht\u00eb v\u00ebn\u00eb n\u00eb pranga nga efektiv\u00ebt e Komisariatit Nr.1 n\u00eb kryeqytet.<\/span><\/p>\n<p><span style=\"color: #000000;\">Tre dit\u00eb m\u00eb par\u00eb, ai dyshohet t\u00eb ket\u00eb vjedhur n\u00eb pik\u00ebn e karburantit 25.000 lek\u00eb.<\/span><\/p>\n<p><em><span style=\"color: #000000;\">\u201cKy shtetas m\u00eb dat\u00eb 24.01.2019, n\u00eb Sauk t\u00eb Vjet\u00ebr, dyshohet t\u00eb ket\u00eb vjedhur n\u00eb nj\u00eb pik\u00eb karburanti 25 000 lek\u00eb.<\/span><\/em><\/p>\n<p><span style=\"color: #000000;\"><em>Materialet i kaluan Prokuroris\u00eb s\u00eb Rrethit Gjyq\u00ebsor Tiran\u00eb n\u00eb ngarkim t\u00eb shtetasit t\u00eb lartp\u00ebrmendur p\u00ebr vepr\u00ebn penale \u2018Vjedhja\u2019, parashikuar nga neni 134 i Kodit Penal.\u201d<\/em>, njofton policia.<\/span><\/p>\n","protected":false,"gt_translate_keys":[{"key":"rendered","format":"html"}]},"excerpt":{"rendered":"<p>Nj\u00eb karburant \u00ebsht\u00eb vjedhur mbr\u00ebmjen e 24 janarit n\u00eb periferi t\u00eb kryeqytetit. M\u00ebngjesin e sot\u00ebm, policia ka njoftuar se ka arrestuar t\u00eb dyshuarin p\u00ebr vjedhjen e pik\u00ebs s\u00eb karburantit n\u00eb Sauk t\u00eb Vjet\u00ebr. I arrestuari quhet Kledi Bunaca dhe \u00ebsht\u00eb 26 vje\u00e7. Ai \u00ebsht\u00eb v\u00ebn\u00eb n\u00eb pranga nga efektiv\u00ebt e Komisariatit Nr.1 n\u00eb kryeqytet. Tre [&hellip;]<\/p>\n","protected":false,"gt_translate_keys":[{"key":"rendered","format":"html"}]},"author":30,"featured_media":77143,"comment_status":"open","ping_status":"open","sticky":false,"template":"","format":"standard","meta":{"footnotes":""},"categories":[65,13],"tags":[],"class_list":["post-269019","post","type-post","status-publish","format-standard","has-post-thumbnail","hentry","category-lajme","category-te-fundit"],"gt_translate_keys":[{"key":"link","format":"url"}],"_links":{"self":[{"href":"https:\/\/www.hashtag.al\/index.php\/wp-json\/wp\/v2\/posts\/269019","targetHints":{"allow":["GET"]}}],"collection":[{"href":"https:\/\/www.hashtag.al\/index.php\/wp-json\/wp\/v2\/posts"}],"about":[{"href":"https:\/\/www.hashtag.al\/index.php\/wp-json\/wp\/v2\/types\/post"}],"author":[{"embeddable":true,"href":"https:\/\/www.hashtag.al\/index.php\/wp-json\/wp\/v2\/users\/30"}],"replies":[{"embeddable":true,"href":"https:\/\/www.hashtag.al\/index.php\/wp-json\/wp\/v2\/comments?post=269019"}],"version-history":[{"count":0,"href":"https:\/\/www.hashtag.al\/index.php\/wp-json\/wp\/v2\/posts\/269019\/revisions"}],"wp:featuredmedia":[{"embeddable":true,"href":"https:\/\/www.hashtag.al\/index.php\/wp-json\/"}],"wp:attachment":[{"href":"https:\/\/www.hashtag.al\/index.php\/wp-json\/wp\/v2\/media?parent=269019"}],"wp:term":[{"taxonomy":"category","embeddable":true,"href":"https:\/\/www.hashtag.al\/index.php\/wp-json\/wp\/v2\/categories?post=269019"},{"taxonomy":"post_tag","embeddable":true,"href":"https:\/\/www.hashtag.al\/index.php\/wp-json\/wp\/v2\/tags?post=269019"}],"curies":[{"name":"wp","href":"https:\/\/api.w.org\/{rel}","templated":true}]}}