{"id":268972,"date":"2019-01-26T21:42:55","date_gmt":"2019-01-26T20:42:55","guid":{"rendered":"https:\/\/hashtag.al\/?p=268972"},"modified":"2019-01-26T21:42:55","modified_gmt":"2019-01-26T20:42:55","slug":"sukaj-drejt-kalimit-te-flamurtari","status":"publish","type":"post","link":"https:\/\/www.hashtag.al\/index.php\/2019\/01\/26\/sukaj-drejt-kalimit-te-flamurtari\/","title":{"rendered":"Sukaj drejt kalimit te Flamurtari","gt_translate_keys":[{"key":"rendered","format":"text"}]},"content":{"rendered":"<p><img loading=\"lazy\" decoding=\"async\" class=\"aligncenter size-full wp-image-91827\" src=\"https:\/\/hashtag.al\/wp-content\/uploads\/2017\/01\/sukaj.jpg\" alt=\"\" width=\"478\" height=\"308\" \/><\/p>\n<p><span style=\"color: #000000;\">Xhevahir Sukaj mund t\u00eb luaj\u00eb n\u00eb Vlor\u00eb n\u00eb pjes\u00ebn e mbetur t\u00eb sezonit.<\/span><\/p>\n<p><span style=\"color: #000000;\">Mes sulmuesit q\u00eb ka spikatur n\u00eb Superiore dhe drejtuesve m\u00eb t\u00eb lart\u00eb t\u00eb kuqezinjve ka pasur edhe bisedime dit\u00ebn e sotme.<\/span><\/p>\n<p><span style=\"color: #000000;\">I kontaktuar nga \u201cVipsport. al\u201d, Xhevahir Sukaj konrmon kontaktet me Flamurtarin:<\/span><\/p>\n<p><span style=\"color: #000000;\">\u201cPo, jam n\u00eb bisedime me Flamurtarin, madje jan\u00eb n\u00eb rrug\u00eb t\u00eb mbar\u00eb.<\/span><\/p>\n<p><span style=\"color: #000000;\">P\u00ebr mua \u00ebsht\u00eb nj\u00eb klub q\u00eb kam konsiderat\u00eb me tradit\u00eb dhe pretendime, por ende nuk ka firm\u00eb n\u00ebn kontrat\u00eb.<\/span><\/p>\n<p><span style=\"color: #000000;\">N\u00ebse realizohet natyrisht q\u00eb do ja vlente\u201d, \u2013 tha Sukaj.<\/span><\/p>\n<p><span style=\"color: #000000;\">N\u00eb pjes\u00ebn e par\u00eb t\u00eb sezonit, Sukaj firmosi n\u00eb La\u00e7, por e mbylli m\u00eb shpejt nga sa u mendua aventur\u00ebn me bardhezinjt\u00eb.<\/span><\/p>\n<p><span style=\"color: #000000;\">Natyrisht q\u00eb me nj\u00eb sulmues goli si Sukaj, sulmi i Flamurtarit do t\u00eb ishte i friksh\u00ebm edhe n\u00eb pjes\u00ebn e dyt\u00eb t\u00eb sezonit.<\/span><\/p>\n<p>&nbsp;<\/p>\n","protected":false,"gt_translate_keys":[{"key":"rendered","format":"html"}]},"excerpt":{"rendered":"<p>Xhevahir Sukaj mund t\u00eb luaj\u00eb n\u00eb Vlor\u00eb n\u00eb pjes\u00ebn e mbetur t\u00eb sezonit. Mes sulmuesit q\u00eb ka spikatur n\u00eb Superiore dhe drejtuesve m\u00eb t\u00eb lart\u00eb t\u00eb kuqezinjve ka pasur edhe bisedime dit\u00ebn e sotme. I kontaktuar nga \u201cVipsport. al\u201d, Xhevahir Sukaj konrmon kontaktet me Flamurtarin: \u201cPo, jam n\u00eb bisedime me Flamurtarin, madje jan\u00eb n\u00eb rrug\u00eb [&hellip;]<\/p>\n","protected":false,"gt_translate_keys":[{"key":"rendered","format":"html"}]},"author":32,"featured_media":91827,"comment_status":"open","ping_status":"open","sticky":false,"template":"","format":"standard","meta":{"footnotes":""},"categories":[134,13],"tags":[],"class_list":["post-268972","post","type-post","status-publish","format-standard","has-post-thumbnail","hentry","category-sport","category-te-fundit"],"gt_translate_keys":[{"key":"link","format":"url"}],"_links":{"self":[{"href":"https:\/\/www.hashtag.al\/index.php\/wp-json\/wp\/v2\/posts\/268972","targetHints":{"allow":["GET"]}}],"collection":[{"href":"https:\/\/www.hashtag.al\/index.php\/wp-json\/wp\/v2\/posts"}],"about":[{"href":"https:\/\/www.hashtag.al\/index.php\/wp-json\/wp\/v2\/types\/post"}],"author":[{"embeddable":true,"href":"https:\/\/www.hashtag.al\/index.php\/wp-json\/wp\/v2\/users\/32"}],"replies":[{"embeddable":true,"href":"https:\/\/www.hashtag.al\/index.php\/wp-json\/wp\/v2\/comments?post=268972"}],"version-history":[{"count":0,"href":"https:\/\/www.hashtag.al\/index.php\/wp-json\/wp\/v2\/posts\/268972\/revisions"}],"wp:featuredmedia":[{"embeddable":true,"href":"https:\/\/www.hashtag.al\/index.php\/wp-json\/"}],"wp:attachment":[{"href":"https:\/\/www.hashtag.al\/index.php\/wp-json\/wp\/v2\/media?parent=268972"}],"wp:term":[{"taxonomy":"category","embeddable":true,"href":"https:\/\/www.hashtag.al\/index.php\/wp-json\/wp\/v2\/categories?post=268972"},{"taxonomy":"post_tag","embeddable":true,"href":"https:\/\/www.hashtag.al\/index.php\/wp-json\/wp\/v2\/tags?post=268972"}],"curies":[{"name":"wp","href":"https:\/\/api.w.org\/{rel}","templated":true}]}}