{"id":268929,"date":"2019-01-26T17:05:22","date_gmt":"2019-01-26T16:05:22","guid":{"rendered":"https:\/\/hashtag.al\/?p=268929"},"modified":"2019-01-26T17:01:30","modified_gmt":"2019-01-26T16:01:30","slug":"humbi-jeten-nga-orteku-haradinaj-ngushellon-familjen-e-zv-ministrit","status":"publish","type":"post","link":"https:\/\/www.hashtag.al\/index.php\/2019\/01\/26\/humbi-jeten-nga-orteku-haradinaj-ngushellon-familjen-e-zv-ministrit\/","title":{"rendered":"Humbi jet\u00ebn nga orteku, Haradinaj ngush\u00ebllon familjen e zv\/ministrit","gt_translate_keys":[{"key":"rendered","format":"text"}]},"content":{"rendered":"<p><img loading=\"lazy\" decoding=\"async\" class=\"aligncenter size-full wp-image-268930\" src=\"https:\/\/hashtag.al\/wp-content\/uploads\/2019\/01\/dajci.jpg\" alt=\"\" width=\"635\" height=\"374\" srcset=\"https:\/\/www.hashtag.al\/wp-content\/uploads\/2019\/01\/dajci.jpg 635w, https:\/\/www.hashtag.al\/wp-content\/uploads\/2019\/01\/dajci-300x177.jpg 300w\" sizes=\"auto, (max-width: 635px) 100vw, 635px\" \/><\/p>\n<p>Kryeministri i Kosov\u00ebs, Ramush Haradinaj \u00ebsht\u00eb shprehur i tronditur nga fatkeq\u00ebsia n\u00eb Brezovic\u00eb, ku humbi jet\u00ebn Arian Daci, z\u00ebvend\u00ebsminist\u00ebr i qeveris\u00eb s\u00eb tij, kurse mbeti i plagosur Ardian Bakalli.<\/p>\n<p>\u201cNgush\u00ebllimet m\u00eb t\u00eb sinqerta mikut tim, Akademik Nexhat Dacit, familjes s\u00eb ngusht\u00eb t\u00eb Arianit, si dhe miqve e koleg\u00ebve t\u00eb tij\u201d, ka shkruar Haradinaj.<\/p>\n<p><img loading=\"lazy\" decoding=\"async\" class=\"aligncenter size-full wp-image-268690\" src=\"https:\/\/hashtag.al\/wp-content\/uploads\/2019\/01\/haradinaj1.jpg\" alt=\"\" width=\"1024\" height=\"575\" srcset=\"https:\/\/www.hashtag.al\/wp-content\/uploads\/2019\/01\/haradinaj1.jpg 1024w, https:\/\/www.hashtag.al\/wp-content\/uploads\/2019\/01\/haradinaj1-300x168.jpg 300w, https:\/\/www.hashtag.al\/wp-content\/uploads\/2019\/01\/haradinaj1-768x431.jpg 768w\" sizes=\"auto, (max-width: 1024px) 100vw, 1024px\" \/><\/p>\n","protected":false,"gt_translate_keys":[{"key":"rendered","format":"html"}]},"excerpt":{"rendered":"<p>Kryeministri i Kosov\u00ebs, Ramush Haradinaj \u00ebsht\u00eb shprehur i tronditur nga fatkeq\u00ebsia n\u00eb Brezovic\u00eb, ku humbi jet\u00ebn Arian Daci, z\u00ebvend\u00ebsminist\u00ebr i qeveris\u00eb s\u00eb tij, kurse mbeti i plagosur Ardian Bakalli. \u201cNgush\u00ebllimet m\u00eb t\u00eb sinqerta mikut tim, Akademik Nexhat Dacit, familjes s\u00eb ngusht\u00eb t\u00eb Arianit, si dhe miqve e koleg\u00ebve t\u00eb tij\u201d, ka shkruar Haradinaj.<\/p>\n","protected":false,"gt_translate_keys":[{"key":"rendered","format":"html"}]},"author":32,"featured_media":268930,"comment_status":"open","ping_status":"open","sticky":false,"template":"","format":"standard","meta":{"footnotes":""},"categories":[149,13],"tags":[],"class_list":["post-268929","post","type-post","status-publish","format-standard","has-post-thumbnail","hentry","category-kosoverajon","category-te-fundit"],"gt_translate_keys":[{"key":"link","format":"url"}],"_links":{"self":[{"href":"https:\/\/www.hashtag.al\/index.php\/wp-json\/wp\/v2\/posts\/268929","targetHints":{"allow":["GET"]}}],"collection":[{"href":"https:\/\/www.hashtag.al\/index.php\/wp-json\/wp\/v2\/posts"}],"about":[{"href":"https:\/\/www.hashtag.al\/index.php\/wp-json\/wp\/v2\/types\/post"}],"author":[{"embeddable":true,"href":"https:\/\/www.hashtag.al\/index.php\/wp-json\/wp\/v2\/users\/32"}],"replies":[{"embeddable":true,"href":"https:\/\/www.hashtag.al\/index.php\/wp-json\/wp\/v2\/comments?post=268929"}],"version-history":[{"count":0,"href":"https:\/\/www.hashtag.al\/index.php\/wp-json\/wp\/v2\/posts\/268929\/revisions"}],"wp:featuredmedia":[{"embeddable":true,"href":"https:\/\/www.hashtag.al\/index.php\/wp-json\/wp\/v2\/media\/268930"}],"wp:attachment":[{"href":"https:\/\/www.hashtag.al\/index.php\/wp-json\/wp\/v2\/media?parent=268929"}],"wp:term":[{"taxonomy":"category","embeddable":true,"href":"https:\/\/www.hashtag.al\/index.php\/wp-json\/wp\/v2\/categories?post=268929"},{"taxonomy":"post_tag","embeddable":true,"href":"https:\/\/www.hashtag.al\/index.php\/wp-json\/wp\/v2\/tags?post=268929"}],"curies":[{"name":"wp","href":"https:\/\/api.w.org\/{rel}","templated":true}]}}