{"id":268913,"date":"2019-01-26T16:35:59","date_gmt":"2019-01-26T15:35:59","guid":{"rendered":"https:\/\/hashtag.al\/?p=268913"},"modified":"2019-01-26T16:57:06","modified_gmt":"2019-01-26T15:57:06","slug":"ortek-bore-ne-brezovice-humb-jeten-zv-ministri-ne-qeverine-e-kosoves","status":"publish","type":"post","link":"https:\/\/www.hashtag.al\/index.php\/2019\/01\/26\/ortek-bore-ne-brezovice-humb-jeten-zv-ministri-ne-qeverine-e-kosoves\/","title":{"rendered":"Ortek bore n\u00eb Brezovic\u00eb, humb jet\u00ebn zv\/ministri n\u00eb qeverin\u00eb e Kosov\u00ebs","gt_translate_keys":[{"key":"rendered","format":"text"}]},"content":{"rendered":"<p><img loading=\"lazy\" decoding=\"async\" class=\"aligncenter size-full wp-image-268914\" src=\"https:\/\/hashtag.al\/wp-content\/uploads\/2019\/01\/brezovice.jpg\" alt=\"\" width=\"650\" height=\"358\" srcset=\"https:\/\/www.hashtag.al\/wp-content\/uploads\/2019\/01\/brezovice.jpg 650w, https:\/\/www.hashtag.al\/wp-content\/uploads\/2019\/01\/brezovice-300x165.jpg 300w\" sizes=\"auto, (max-width: 650px) 100vw, 650px\" \/><\/p>\n<p><span style=\"color: #000000;\">Zyrtar\u00eb t\u00eb Policis\u00eb s\u00eb Kosov\u00ebs kan\u00eb konfirmuar se nj\u00eb person \u00a0ka humbur jet\u00ebn n\u00eb Brezovic\u00eb nd\u00ebrsa \u00a0personi tjet\u00ebr ka shp\u00ebtuar.<\/span><\/p>\n<p><span style=\"color: #000000;\">\u201cNj\u00ebri ka vdekur\u201d, ka th\u00ebn\u00eb nj\u00eb epror i lart\u00eb i Policis\u00eb s\u00eb Kosov\u00eb.<\/span><\/p>\n<p><span style=\"color: #000000;\">Edhe zyrtar\u00eb t\u00eb Qeveris\u00eb s\u00eb Kosov\u00ebs kan\u00eb konfirmuar p\u00ebr Gazet\u00ebn Express vdekjen e Arian Dacit n\u00eb Brezovic\u00eb p\u00ebr shkak t\u00eb nj\u00eb orteku bore.<\/span><\/p>\n<p><span style=\"color: #000000;\">Arian Daci ishte em\u00ebruar Z\u00ebvend\u00ebsminist\u00ebr n\u00eb Qeverin\u00eb e Kosov\u00ebs.<\/span><\/p>\n<p><span style=\"color: #000000;\">Ilir Morina, drejtori i Agjencis\u00eb p\u00ebr Mbrojtje t\u00eb Mjedisit n\u00eb Kosov\u00eb, ka th\u00ebn\u00eb se nga orteku q\u00eb ndodhi n\u00eb Brezovic\u00eb, nj\u00eb person ka vdekur, derisa po dyshohet se edhe tjetri ka nd\u00ebrruar jet\u00eb, ndon\u00ebse ende nuk ka konfirmim zyrtar.<\/span><\/p>\n","protected":false,"gt_translate_keys":[{"key":"rendered","format":"html"}]},"excerpt":{"rendered":"<p>Zyrtar\u00eb t\u00eb Policis\u00eb s\u00eb Kosov\u00ebs kan\u00eb konfirmuar se nj\u00eb person \u00a0ka humbur jet\u00ebn n\u00eb Brezovic\u00eb nd\u00ebrsa \u00a0personi tjet\u00ebr ka shp\u00ebtuar. \u201cNj\u00ebri ka vdekur\u201d, ka th\u00ebn\u00eb nj\u00eb epror i lart\u00eb i Policis\u00eb s\u00eb Kosov\u00eb. Edhe zyrtar\u00eb t\u00eb Qeveris\u00eb s\u00eb Kosov\u00ebs kan\u00eb konfirmuar p\u00ebr Gazet\u00ebn Express vdekjen e Arian Dacit n\u00eb Brezovic\u00eb p\u00ebr shkak t\u00eb nj\u00eb orteku [&hellip;]<\/p>\n","protected":false,"gt_translate_keys":[{"key":"rendered","format":"html"}]},"author":32,"featured_media":268914,"comment_status":"open","ping_status":"open","sticky":false,"template":"","format":"standard","meta":{"footnotes":""},"categories":[149,13],"tags":[],"class_list":["post-268913","post","type-post","status-publish","format-standard","has-post-thumbnail","hentry","category-kosoverajon","category-te-fundit"],"gt_translate_keys":[{"key":"link","format":"url"}],"_links":{"self":[{"href":"https:\/\/www.hashtag.al\/index.php\/wp-json\/wp\/v2\/posts\/268913","targetHints":{"allow":["GET"]}}],"collection":[{"href":"https:\/\/www.hashtag.al\/index.php\/wp-json\/wp\/v2\/posts"}],"about":[{"href":"https:\/\/www.hashtag.al\/index.php\/wp-json\/wp\/v2\/types\/post"}],"author":[{"embeddable":true,"href":"https:\/\/www.hashtag.al\/index.php\/wp-json\/wp\/v2\/users\/32"}],"replies":[{"embeddable":true,"href":"https:\/\/www.hashtag.al\/index.php\/wp-json\/wp\/v2\/comments?post=268913"}],"version-history":[{"count":0,"href":"https:\/\/www.hashtag.al\/index.php\/wp-json\/wp\/v2\/posts\/268913\/revisions"}],"wp:featuredmedia":[{"embeddable":true,"href":"https:\/\/www.hashtag.al\/index.php\/wp-json\/wp\/v2\/media\/268914"}],"wp:attachment":[{"href":"https:\/\/www.hashtag.al\/index.php\/wp-json\/wp\/v2\/media?parent=268913"}],"wp:term":[{"taxonomy":"category","embeddable":true,"href":"https:\/\/www.hashtag.al\/index.php\/wp-json\/wp\/v2\/categories?post=268913"},{"taxonomy":"post_tag","embeddable":true,"href":"https:\/\/www.hashtag.al\/index.php\/wp-json\/wp\/v2\/tags?post=268913"}],"curies":[{"name":"wp","href":"https:\/\/api.w.org\/{rel}","templated":true}]}}