{"id":268850,"date":"2019-01-26T11:39:13","date_gmt":"2019-01-26T10:39:13","guid":{"rendered":"https:\/\/hashtag.al\/?p=268850"},"modified":"2019-01-26T11:39:50","modified_gmt":"2019-01-26T10:39:50","slug":"268850","status":"publish","type":"post","link":"https:\/\/www.hashtag.al\/index.php\/2019\/01\/26\/268850\/","title":{"rendered":"ME VIDEO\/ &#8220;A do jesh kandidat p\u00ebr kreun e Bashkis\u00eb Shkod\u00ebr?&#8221;, flet Bushati","gt_translate_keys":[{"key":"rendered","format":"text"}]},"content":{"rendered":"<p><img loading=\"lazy\" decoding=\"async\" class=\"alignnone size-full wp-image-268055\" src=\"https:\/\/hashtag.al\/wp-content\/uploads\/2019\/01\/ditmir-bushati.jpg\" alt=\"\" width=\"710\" height=\"398\" srcset=\"https:\/\/www.hashtag.al\/wp-content\/uploads\/2019\/01\/ditmir-bushati.jpg 710w, https:\/\/www.hashtag.al\/wp-content\/uploads\/2019\/01\/ditmir-bushati-300x168.jpg 300w\" sizes=\"auto, (max-width: 710px) 100vw, 710px\" \/><\/p>\n<p><span style=\"color: #000000;\">Pasi u shkarkua nga kryeministri Edi Rama si minist\u00ebr i Jasht\u00ebm, Ditmir Bushati i \u00ebsht\u00eb futur pun\u00ebs n\u00eb parti. Ai s\u00eb fundi pas nj\u00eb mbledhje me strukturat e partis\u00eb n\u00eb qytetin e Shkodr\u00ebs ka folur edhe n\u00ebse do t\u00eb kandidoj\u00eb apo jo p\u00ebr kreun Bashkis\u00eb Shkod\u00ebr. Duke iu p\u00ebrgjigjur interesit t\u00eb gazetar\u00ebve n\u00eb lidhje m\u00eb zgjedhjet lokale, se a do t\u00eb jet\u00eb emri i tij nj\u00eb kandidatur\u00eb e mundshme p\u00ebr kreun e Bashkis\u00eb s\u00eb Shkodr\u00ebs, ai u shpreh: \u201cNuk kam asnj\u00eb ambicie lokale.\u00a0Jemi n\u00eb proces konsultimi p\u00ebr t\u00eb p\u00ebrzgjedhur kandidatin\u201d.<\/span><\/p>\n<p><span style=\"color: #000000;\">Sipas tij, PS po b\u00ebn sondazhe me opinionin publik p\u00ebr t\u00eb zgjedhur nj\u00eb kandidat fitues por dhe nj\u00eb grup k\u00ebshilltar\u00ebsh t\u00eb mir\u00eb p\u00ebr bashkin\u00eb e cila momentalisht drejtohet nga Voltana Ademi dhe q\u00eb vjen nga radh\u00ebt e Partis\u00eb Demokratike.<\/span><\/p>\n<p><strong>Marr\u00eb nga Ora News:<\/strong><\/p>\n<p>&nbsp;<\/p>\n<p><iframe loading=\"lazy\" title=\"Ora News - Un\u00eb kryetar bashkie n\u00eb Shkod\u00ebr? Bushati: Nuk kam ambicie lokale\" width=\"1170\" height=\"658\" src=\"https:\/\/www.youtube.com\/embed\/BPH99iBvX-0?feature=oembed\" frameborder=\"0\" allow=\"accelerometer; autoplay; clipboard-write; encrypted-media; gyroscope; picture-in-picture\" allowfullscreen><\/iframe><\/p>\n<p>&nbsp;<\/p>\n","protected":false,"gt_translate_keys":[{"key":"rendered","format":"html"}]},"excerpt":{"rendered":"<p>Pasi u shkarkua nga kryeministri Edi Rama si minist\u00ebr i Jasht\u00ebm, Ditmir Bushati i \u00ebsht\u00eb futur pun\u00ebs n\u00eb parti. Ai s\u00eb fundi pas nj\u00eb mbledhje me strukturat e partis\u00eb n\u00eb qytetin e Shkodr\u00ebs ka folur edhe n\u00ebse do t\u00eb kandidoj\u00eb apo jo p\u00ebr kreun Bashkis\u00eb Shkod\u00ebr. Duke iu p\u00ebrgjigjur interesit t\u00eb gazetar\u00ebve n\u00eb lidhje m\u00eb [&hellip;]<\/p>\n","protected":false,"gt_translate_keys":[{"key":"rendered","format":"html"}]},"author":30,"featured_media":268055,"comment_status":"open","ping_status":"open","sticky":false,"template":"","format":"standard","meta":{"footnotes":""},"categories":[65,13],"tags":[],"class_list":["post-268850","post","type-post","status-publish","format-standard","has-post-thumbnail","hentry","category-lajme","category-te-fundit"],"gt_translate_keys":[{"key":"link","format":"url"}],"_links":{"self":[{"href":"https:\/\/www.hashtag.al\/index.php\/wp-json\/wp\/v2\/posts\/268850","targetHints":{"allow":["GET"]}}],"collection":[{"href":"https:\/\/www.hashtag.al\/index.php\/wp-json\/wp\/v2\/posts"}],"about":[{"href":"https:\/\/www.hashtag.al\/index.php\/wp-json\/wp\/v2\/types\/post"}],"author":[{"embeddable":true,"href":"https:\/\/www.hashtag.al\/index.php\/wp-json\/wp\/v2\/users\/30"}],"replies":[{"embeddable":true,"href":"https:\/\/www.hashtag.al\/index.php\/wp-json\/wp\/v2\/comments?post=268850"}],"version-history":[{"count":0,"href":"https:\/\/www.hashtag.al\/index.php\/wp-json\/wp\/v2\/posts\/268850\/revisions"}],"wp:featuredmedia":[{"embeddable":true,"href":"https:\/\/www.hashtag.al\/index.php\/wp-json\/wp\/v2\/media\/268055"}],"wp:attachment":[{"href":"https:\/\/www.hashtag.al\/index.php\/wp-json\/wp\/v2\/media?parent=268850"}],"wp:term":[{"taxonomy":"category","embeddable":true,"href":"https:\/\/www.hashtag.al\/index.php\/wp-json\/wp\/v2\/categories?post=268850"},{"taxonomy":"post_tag","embeddable":true,"href":"https:\/\/www.hashtag.al\/index.php\/wp-json\/wp\/v2\/tags?post=268850"}],"curies":[{"name":"wp","href":"https:\/\/api.w.org\/{rel}","templated":true}]}}