{"id":268823,"date":"2019-01-26T09:55:05","date_gmt":"2019-01-26T08:55:05","guid":{"rendered":"https:\/\/hashtag.al\/?p=268823"},"modified":"2019-01-26T11:55:34","modified_gmt":"2019-01-26T10:55:34","slug":"268823","status":"publish","type":"post","link":"https:\/\/www.hashtag.al\/index.php\/2019\/01\/26\/268823\/","title":{"rendered":"Zbathur dhe t\u00eb qeshur, Rama hap ekspozit\u00ebn n\u00eb Berlin pasi &#8216;rregulloi&#8217; pun\u00ebt n\u00eb qeveri (FOTO)","gt_translate_keys":[{"key":"rendered","format":"text"}]},"content":{"rendered":"<p><img loading=\"lazy\" decoding=\"async\" class=\"alignnone size-full wp-image-268824\" src=\"https:\/\/hashtag.al\/wp-content\/uploads\/2019\/01\/rama-8.jpg\" alt=\"\" width=\"436\" height=\"407\" srcset=\"https:\/\/www.hashtag.al\/wp-content\/uploads\/2019\/01\/rama-8.jpg 436w, https:\/\/www.hashtag.al\/wp-content\/uploads\/2019\/01\/rama-8-300x280.jpg 300w\" sizes=\"auto, (max-width: 436px) 100vw, 436px\" \/><\/p>\n<p><span style=\"color: #000000;\">Kryeministri Edi Rama koh\u00ebt e fundit i ka kushtuar nj\u00eb r\u00ebnd\u00ebsi t\u00eb madhe edhe artit t\u00eb tij. S\u00eb fundmi bashk\u00eb me familjen e tij ai ndodhet n\u00eb Berlin, aty ku ka hapur edhe ekpozit\u00ebn e tij.\u00a0\u00a0Zbathur, duke qeshur jan\u00eb shfaqur gjith\u00eb an\u00ebtar\u00ebt e familjes Rama, teksa vizitojn\u00eb k\u00ebt\u00eb ekspozit\u00eb.\u00a0<\/span><\/p>\n<p><span style=\"color: #000000;\">Kryeministri dit\u00ebt e fundit ka hequr nga vetja disa p\u00ebrgjegj\u00ebsi &#8216;t\u00eb par\u00ebnd\u00ebsishme&#8217; si puna e diplomacis\u00eb, ku gjith\u00e7ka ia besoi Gent Cakajt.\u00a0<\/span><\/p>\n<p><span style=\"color: #000000;\">Por edhe p\u00ebr protest\u00ebn e student\u00ebve nuk shfaqet edhe aq i shqet\u00ebsuar se\u00a0 sipas tij student\u00ebt duan dialog dhe t&#8217;u kthehen m\u00ebsimeve. <\/span><\/p>\n<p><span style=\"color: #000000;\">Por k\u00ebsaj ekzopizte ai nuk ngurroi t&#8217;i b\u00ebnte edhe pak publicitet n\u00eb mediat gjermane (<a style=\"color: #000000;\" href=\"https:\/\/www.welt.de\/kultur\/article187556166\/Edi-Rama-ueber-Europa-Es-wird-noch-viel-schlimmer-kommen.html?wtrid=onsite.onsitesearch\">\u201cDie Welt\u201d<\/a>\u00a0).<\/span><\/p>\n<p><span style=\"color: #000000;\"><em>&#8220;Tapet\u00eb t\u00eb pikturuar, vizatime, skulptura. P\u00ebr her\u00eb t\u00eb par\u00eb do ekspozoj aty pun\u00ebt e b\u00ebra nga tavolina ime. Ato vijn\u00eb direkt nga jeta ime e p\u00ebrditshme, nga tavolina ime, nga puna ime.\u00a0<\/em><em>Dhe n\u00eb Berlin, natyrisht, nuk do mungojn\u00eb flet\u00ebt t\u00eb cilat u krijuan k\u00ebtu n\u00eb kryeqytetin gjerman, n\u00eb mbledhjet e mia.&#8221;, u<\/em> shpreh Rama p\u00ebr median gjermane.\u00a0<\/span><\/p>\n<p><img loading=\"lazy\" decoding=\"async\" class=\"alignnone size-full wp-image-268827\" src=\"https:\/\/hashtag.al\/wp-content\/uploads\/2019\/01\/save.png\" alt=\"\" width=\"540\" height=\"960\" srcset=\"https:\/\/www.hashtag.al\/wp-content\/uploads\/2019\/01\/save.png 540w, https:\/\/www.hashtag.al\/wp-content\/uploads\/2019\/01\/save-169x300.png 169w\" sizes=\"auto, (max-width: 540px) 100vw, 540px\" \/><\/p>\n","protected":false,"gt_translate_keys":[{"key":"rendered","format":"html"}]},"excerpt":{"rendered":"<p>Kryeministri Edi Rama koh\u00ebt e fundit i ka kushtuar nj\u00eb r\u00ebnd\u00ebsi t\u00eb madhe edhe artit t\u00eb tij. S\u00eb fundmi bashk\u00eb me familjen e tij ai ndodhet n\u00eb Berlin, aty ku ka hapur edhe ekpozit\u00ebn e tij.\u00a0\u00a0Zbathur, duke qeshur jan\u00eb shfaqur gjith\u00eb an\u00ebtar\u00ebt e familjes Rama, teksa vizitojn\u00eb k\u00ebt\u00eb ekspozit\u00eb.\u00a0 Kryeministri dit\u00ebt e fundit ka hequr [&hellip;]<\/p>\n","protected":false,"gt_translate_keys":[{"key":"rendered","format":"html"}]},"author":30,"featured_media":268824,"comment_status":"open","ping_status":"open","sticky":false,"template":"","format":"standard","meta":{"footnotes":""},"categories":[65,13],"tags":[],"class_list":["post-268823","post","type-post","status-publish","format-standard","has-post-thumbnail","hentry","category-lajme","category-te-fundit"],"gt_translate_keys":[{"key":"link","format":"url"}],"_links":{"self":[{"href":"https:\/\/www.hashtag.al\/index.php\/wp-json\/wp\/v2\/posts\/268823","targetHints":{"allow":["GET"]}}],"collection":[{"href":"https:\/\/www.hashtag.al\/index.php\/wp-json\/wp\/v2\/posts"}],"about":[{"href":"https:\/\/www.hashtag.al\/index.php\/wp-json\/wp\/v2\/types\/post"}],"author":[{"embeddable":true,"href":"https:\/\/www.hashtag.al\/index.php\/wp-json\/wp\/v2\/users\/30"}],"replies":[{"embeddable":true,"href":"https:\/\/www.hashtag.al\/index.php\/wp-json\/wp\/v2\/comments?post=268823"}],"version-history":[{"count":0,"href":"https:\/\/www.hashtag.al\/index.php\/wp-json\/wp\/v2\/posts\/268823\/revisions"}],"wp:featuredmedia":[{"embeddable":true,"href":"https:\/\/www.hashtag.al\/index.php\/wp-json\/wp\/v2\/media\/268824"}],"wp:attachment":[{"href":"https:\/\/www.hashtag.al\/index.php\/wp-json\/wp\/v2\/media?parent=268823"}],"wp:term":[{"taxonomy":"category","embeddable":true,"href":"https:\/\/www.hashtag.al\/index.php\/wp-json\/wp\/v2\/categories?post=268823"},{"taxonomy":"post_tag","embeddable":true,"href":"https:\/\/www.hashtag.al\/index.php\/wp-json\/wp\/v2\/tags?post=268823"}],"curies":[{"name":"wp","href":"https:\/\/api.w.org\/{rel}","templated":true}]}}