{"id":268720,"date":"2019-01-25T16:47:32","date_gmt":"2019-01-25T15:47:32","guid":{"rendered":"https:\/\/hashtag.al\/?p=268720"},"modified":"2019-01-25T16:55:16","modified_gmt":"2019-01-25T15:55:16","slug":"rama-uron-zaevin-dhe-tsipasin-i-dhate-fund-konfliktit-mes-dy-vendeve","status":"publish","type":"post","link":"https:\/\/www.hashtag.al\/index.php\/2019\/01\/25\/rama-uron-zaevin-dhe-tsipasin-i-dhate-fund-konfliktit-mes-dy-vendeve\/","title":{"rendered":"Rama uron Zaevin dhe Tsipasin: I dhat\u00eb fund konfliktit mes dy vendeve","gt_translate_keys":[{"key":"rendered","format":"text"}]},"content":{"rendered":"<p><img loading=\"lazy\" decoding=\"async\" class=\"alignnone size-full wp-image-262222\" src=\"https:\/\/hashtag.al\/wp-content\/uploads\/2018\/12\/rama-5-1.jpg\" alt=\"\" width=\"670\" height=\"405\" srcset=\"https:\/\/www.hashtag.al\/wp-content\/uploads\/2018\/12\/rama-5-1.jpg 670w, https:\/\/www.hashtag.al\/wp-content\/uploads\/2018\/12\/rama-5-1-300x181.jpg 300w\" sizes=\"auto, (max-width: 670px) 100vw, 670px\" \/><\/p>\n<p><span style=\"color: #000000;\">Kryeministri Edi Rama ka p\u00ebrsh\u00ebndetur &#8220;Marr\u00ebveshjen e Preps\u00ebs&#8221; e cila u votua nga parlamenti grek me\u00a0153 vota pro, 146 kund\u00ebr dhe nj\u00eb abstenim.<\/span><\/p>\n<p><span style=\"color: #000000;\">\u201cS\u00ebrish respekte dhe urime p\u00ebr Alexis Tsipras dhe Zoran Zaev p\u00ebr marr\u00ebveshjen e tyre historike dhe dh\u00ebnien fund t\u00eb konfliktit mes Greqis\u00eb dhe Maqedonis\u00eb s\u00eb Veriut. Rama: E v\u00ebshtir\u00eb, mund t\u00eb prodhoj\u00eb politik\u00eb t\u00eb vjet\u00ebr lokale por \u00ebsht\u00eb realizuar shum\u00eb mir\u00eb miqt\u00eb e mi\u201d, shkruan Rama n\u00eb Twitter.<\/span><\/p>\n<p><span style=\"color: #000000;\">Sipas marr\u00ebveshjes, Republika e Maqedonis\u00eb e ndryshon emrin n\u00eb \u201cRepublika e Maqedonis\u00eb Veriore\u201d, nd\u00ebrsa Greqia zotohet t\u00eb heq\u00eb veton p\u00ebr pranimin e vendit n\u00eb NATO.<\/span><\/p>\n","protected":false,"gt_translate_keys":[{"key":"rendered","format":"html"}]},"excerpt":{"rendered":"<p>Kryeministri Edi Rama ka p\u00ebrsh\u00ebndetur &#8220;Marr\u00ebveshjen e Preps\u00ebs&#8221; e cila u votua nga parlamenti grek me\u00a0153 vota pro, 146 kund\u00ebr dhe nj\u00eb abstenim. \u201cS\u00ebrish respekte dhe urime p\u00ebr Alexis Tsipras dhe Zoran Zaev p\u00ebr marr\u00ebveshjen e tyre historike dhe dh\u00ebnien fund t\u00eb konfliktit mes Greqis\u00eb dhe Maqedonis\u00eb s\u00eb Veriut. Rama: E v\u00ebshtir\u00eb, mund t\u00eb prodhoj\u00eb [&hellip;]<\/p>\n","protected":false,"gt_translate_keys":[{"key":"rendered","format":"html"}]},"author":30,"featured_media":242821,"comment_status":"open","ping_status":"open","sticky":false,"template":"","format":"standard","meta":{"footnotes":""},"categories":[65,13],"tags":[],"class_list":["post-268720","post","type-post","status-publish","format-standard","has-post-thumbnail","hentry","category-lajme","category-te-fundit"],"gt_translate_keys":[{"key":"link","format":"url"}],"_links":{"self":[{"href":"https:\/\/www.hashtag.al\/index.php\/wp-json\/wp\/v2\/posts\/268720","targetHints":{"allow":["GET"]}}],"collection":[{"href":"https:\/\/www.hashtag.al\/index.php\/wp-json\/wp\/v2\/posts"}],"about":[{"href":"https:\/\/www.hashtag.al\/index.php\/wp-json\/wp\/v2\/types\/post"}],"author":[{"embeddable":true,"href":"https:\/\/www.hashtag.al\/index.php\/wp-json\/wp\/v2\/users\/30"}],"replies":[{"embeddable":true,"href":"https:\/\/www.hashtag.al\/index.php\/wp-json\/wp\/v2\/comments?post=268720"}],"version-history":[{"count":0,"href":"https:\/\/www.hashtag.al\/index.php\/wp-json\/wp\/v2\/posts\/268720\/revisions"}],"wp:featuredmedia":[{"embeddable":true,"href":"https:\/\/www.hashtag.al\/index.php\/wp-json\/wp\/v2\/media\/242821"}],"wp:attachment":[{"href":"https:\/\/www.hashtag.al\/index.php\/wp-json\/wp\/v2\/media?parent=268720"}],"wp:term":[{"taxonomy":"category","embeddable":true,"href":"https:\/\/www.hashtag.al\/index.php\/wp-json\/wp\/v2\/categories?post=268720"},{"taxonomy":"post_tag","embeddable":true,"href":"https:\/\/www.hashtag.al\/index.php\/wp-json\/wp\/v2\/tags?post=268720"}],"curies":[{"name":"wp","href":"https:\/\/api.w.org\/{rel}","templated":true}]}}