{"id":268705,"date":"2019-01-25T15:56:48","date_gmt":"2019-01-25T14:56:48","guid":{"rendered":"https:\/\/hashtag.al\/?p=268705"},"modified":"2019-01-25T15:56:49","modified_gmt":"2019-01-25T14:56:49","slug":"268705","status":"publish","type":"post","link":"https:\/\/www.hashtag.al\/index.php\/2019\/01\/25\/268705\/","title":{"rendered":"Marr\u00ebveshja e Presp\u00ebs, Basha: Konsolidon stabilitetin e rajonit","gt_translate_keys":[{"key":"rendered","format":"text"}]},"content":{"rendered":"<p><img loading=\"lazy\" decoding=\"async\" class=\"size-full wp-image-266908\" src=\"https:\/\/hashtag.al\/wp-content\/uploads\/2019\/01\/basha17janar-1.jpg\" alt=\"\" width=\"2048\" height=\"1546\" srcset=\"https:\/\/www.hashtag.al\/wp-content\/uploads\/2019\/01\/basha17janar-1.jpg 2048w, https:\/\/www.hashtag.al\/wp-content\/uploads\/2019\/01\/basha17janar-1-300x226.jpg 300w, https:\/\/www.hashtag.al\/wp-content\/uploads\/2019\/01\/basha17janar-1-768x580.jpg 768w, https:\/\/www.hashtag.al\/wp-content\/uploads\/2019\/01\/basha17janar-1-1024x773.jpg 1024w\" sizes=\"auto, (max-width: 2048px) 100vw, 2048px\" \/><\/p>\n<p><span style=\"color: #000000;\">Ashtu si\u00e7 ishte parashikuar\u00a0 parlamenti grek ka votuar sot marr\u00ebveshjen e Presp\u00ebs. Kjo marr\u00ebveshje midis shtetit grek dhe maqedonas p\u00ebr emrin e Maqedoin\u00ebs u votua me\u00a0\u00a0me 153 vota pro dhe 146 kund\u00ebr dhe nj\u00eb abstenim.<\/span><\/p>\n<p><span style=\"color: #000000;\">P\u00ebr k\u00ebt\u00eb votim ka reaguar dhe kreu i PD-s\u00eb Lulzim Basha i cili \u00ebsht\u00eb shprehur se ky votim\u00a0konsolidon bazat e bashk\u00ebpunimit p\u00ebr paqen dhe stabilitetin e rajonit<\/span><\/p>\n<p><span style=\"color: #000000;\">&#8220;P\u00ebrshendes ratifikimin e marr\u00ebveshjes s\u00eb Presp\u00ebs nga parlamenti helen q\u00eb i hap rrug\u00ebn an\u00ebtar\u00ebsimit n\u00eb NATO t\u00eb Maqedonis\u00eb s\u00eb Veriut dhe konsolidon bazat e bashk\u00ebpunimit p\u00ebr paqen dhe stabilitetin e rajonit.&#8221;, shprehet Lulzim Basha.\u00a0<\/span><\/p>\n<p><span style=\"color: #000000;\">Sipas marr\u00ebveshjes, Republika e Maqedonis\u00eb e ndryshon emrin n\u00eb \u201cRepublika e Maqedonis\u00eb Veriore\u201d, nd\u00ebrsa Greqia zotohet t\u00eb heq\u00eb veton p\u00ebr pranimin e vendit n\u00eb NATO.<\/span><\/p>\n","protected":false,"gt_translate_keys":[{"key":"rendered","format":"html"}]},"excerpt":{"rendered":"<p>Ashtu si\u00e7 ishte parashikuar\u00a0 parlamenti grek ka votuar sot marr\u00ebveshjen e Presp\u00ebs. Kjo marr\u00ebveshje midis shtetit grek dhe maqedonas p\u00ebr emrin e Maqedoin\u00ebs u votua me\u00a0\u00a0me 153 vota pro dhe 146 kund\u00ebr dhe nj\u00eb abstenim. P\u00ebr k\u00ebt\u00eb votim ka reaguar dhe kreu i PD-s\u00eb Lulzim Basha i cili \u00ebsht\u00eb shprehur se ky votim\u00a0konsolidon bazat e [&hellip;]<\/p>\n","protected":false,"gt_translate_keys":[{"key":"rendered","format":"html"}]},"author":30,"featured_media":266908,"comment_status":"open","ping_status":"open","sticky":false,"template":"","format":"standard","meta":{"footnotes":""},"categories":[65,13],"tags":[],"class_list":["post-268705","post","type-post","status-publish","format-standard","has-post-thumbnail","hentry","category-lajme","category-te-fundit"],"gt_translate_keys":[{"key":"link","format":"url"}],"_links":{"self":[{"href":"https:\/\/www.hashtag.al\/index.php\/wp-json\/wp\/v2\/posts\/268705","targetHints":{"allow":["GET"]}}],"collection":[{"href":"https:\/\/www.hashtag.al\/index.php\/wp-json\/wp\/v2\/posts"}],"about":[{"href":"https:\/\/www.hashtag.al\/index.php\/wp-json\/wp\/v2\/types\/post"}],"author":[{"embeddable":true,"href":"https:\/\/www.hashtag.al\/index.php\/wp-json\/wp\/v2\/users\/30"}],"replies":[{"embeddable":true,"href":"https:\/\/www.hashtag.al\/index.php\/wp-json\/wp\/v2\/comments?post=268705"}],"version-history":[{"count":0,"href":"https:\/\/www.hashtag.al\/index.php\/wp-json\/wp\/v2\/posts\/268705\/revisions"}],"wp:featuredmedia":[{"embeddable":true,"href":"https:\/\/www.hashtag.al\/index.php\/wp-json\/wp\/v2\/media\/266908"}],"wp:attachment":[{"href":"https:\/\/www.hashtag.al\/index.php\/wp-json\/wp\/v2\/media?parent=268705"}],"wp:term":[{"taxonomy":"category","embeddable":true,"href":"https:\/\/www.hashtag.al\/index.php\/wp-json\/wp\/v2\/categories?post=268705"},{"taxonomy":"post_tag","embeddable":true,"href":"https:\/\/www.hashtag.al\/index.php\/wp-json\/wp\/v2\/tags?post=268705"}],"curies":[{"name":"wp","href":"https:\/\/api.w.org\/{rel}","templated":true}]}}