{"id":268682,"date":"2019-01-25T14:49:42","date_gmt":"2019-01-25T13:49:42","guid":{"rendered":"https:\/\/hashtag.al\/?p=268682"},"modified":"2019-01-25T14:51:24","modified_gmt":"2019-01-25T13:51:24","slug":"parlamenti-grek-miraton-marreveshjen-e-prespes-per-emrin-e-maqedonise","status":"publish","type":"post","link":"https:\/\/www.hashtag.al\/index.php\/2019\/01\/25\/parlamenti-grek-miraton-marreveshjen-e-prespes-per-emrin-e-maqedonise\/","title":{"rendered":"Parlamenti grek miraton &#8220;Marr\u00ebveshjen e Presp\u00ebs&#8221; p\u00ebr emrin e Maqedonis\u00eb","gt_translate_keys":[{"key":"rendered","format":"text"}]},"content":{"rendered":"<p><img loading=\"lazy\" decoding=\"async\" class=\"aligncenter size-full wp-image-268683\" src=\"https:\/\/hashtag.al\/wp-content\/uploads\/2019\/01\/PrespeGreqi.jpg\" alt=\"\" width=\"960\" height=\"600\" srcset=\"https:\/\/www.hashtag.al\/wp-content\/uploads\/2019\/01\/PrespeGreqi.jpg 960w, https:\/\/www.hashtag.al\/wp-content\/uploads\/2019\/01\/PrespeGreqi-300x188.jpg 300w, https:\/\/www.hashtag.al\/wp-content\/uploads\/2019\/01\/PrespeGreqi-768x480.jpg 768w\" sizes=\"auto, (max-width: 960px) 100vw, 960px\" \/><\/p>\n<p><span style=\"color: #000000;\">Ligjb\u00ebr\u00ebsit grek\u00eb kan\u00eb votuar pro ratifikimit t\u00eb marr\u00ebveshjes shum\u00eb t\u00eb diskutueshme n\u00eb vend me Ish-Republik\u00ebn Jugosllave t\u00eb Maqedonis\u00eb (IRJM) duke zgjidhur nj\u00eb mosmarr\u00ebveshje p\u00ebr emrin q\u00eb ka ndar\u00eb dy fqinj\u00ebt p\u00ebr gati 30 vjet.<\/span><\/p>\n<p><span style=\"color: #000000;\">Marr\u00ebveshja e ashtuquajtur e Presp\u00ebs u miratua me 153 vota p\u00ebr dhe 146 kund\u00ebr, raporton &#8220;Ekathimerini&#8221;.<\/span><\/p>\n<p><span style=\"color: #000000;\">Kryetari i parlamentit, Nikos Voutsis, p\u00ebrsh\u00ebndeti votimin si &#8220;historik&#8221;, duke th\u00ebn\u00eb se seanca n\u00eb parlament q\u00eb \u00e7oi n\u00eb votim, e cila zgjati m\u00eb shum\u00eb se 38 or\u00eb, ishte m\u00eb e gjata n\u00eb historin\u00eb e koh\u00ebve t\u00eb fundit, duke mposhtur edhe disa nga debatet m\u00eb t\u00eb ashpra n\u00eb lidhje me marr\u00ebveshjet financiare nd\u00ebrkomb\u00ebtare t\u00eb Greqis\u00eb.<\/span><\/p>\n<p><span style=\"color: #000000;\">Pas ratifikimit t\u00eb marr\u00ebveshjes edhe nga ana e Greq\u00ebis\u00eb, duke qen\u00eb se m\u00eb her\u00ebt ajo ishte miratuar edhe nga Maqedonia, kjo e fundit do njihet nd\u00ebrkomb\u00ebtarisht me emrin Maqedonia Veriore.<\/span><\/p>\n<p><span style=\"color: #000000;\">Marr\u00ebveshja i hap Maqedonis\u00eb rrug\u00ebn p\u00ebr t\u2019u an\u00ebtar\u00ebsuar n\u00eb NATO dhe m\u00eb pas \u00e7eljen e negociatave p\u00ebr an\u00ebtar\u00ebsim n\u00eb Bashkimin Evropian.<\/span><\/p>\n<p><img loading=\"lazy\" decoding=\"async\" class=\"aligncenter size-full wp-image-265339\" src=\"https:\/\/hashtag.al\/wp-content\/uploads\/2019\/01\/zaev-tsipras-1.jpg\" alt=\"\" width=\"1024\" height=\"576\" srcset=\"https:\/\/www.hashtag.al\/wp-content\/uploads\/2019\/01\/zaev-tsipras-1.jpg 1024w, https:\/\/www.hashtag.al\/wp-content\/uploads\/2019\/01\/zaev-tsipras-1-300x169.jpg 300w, https:\/\/www.hashtag.al\/wp-content\/uploads\/2019\/01\/zaev-tsipras-1-768x432.jpg 768w\" sizes=\"auto, (max-width: 1024px) 100vw, 1024px\" \/><\/p>\n","protected":false,"gt_translate_keys":[{"key":"rendered","format":"html"}]},"excerpt":{"rendered":"<p>Ligjb\u00ebr\u00ebsit grek\u00eb kan\u00eb votuar pro ratifikimit t\u00eb marr\u00ebveshjes shum\u00eb t\u00eb diskutueshme n\u00eb vend me Ish-Republik\u00ebn Jugosllave t\u00eb Maqedonis\u00eb (IRJM) duke zgjidhur nj\u00eb mosmarr\u00ebveshje p\u00ebr emrin q\u00eb ka ndar\u00eb dy fqinj\u00ebt p\u00ebr gati 30 vjet. Marr\u00ebveshja e ashtuquajtur e Presp\u00ebs u miratua me 153 vota p\u00ebr dhe 146 kund\u00ebr, raporton &#8220;Ekathimerini&#8221;. Kryetari i parlamentit, Nikos Voutsis, [&hellip;]<\/p>\n","protected":false,"gt_translate_keys":[{"key":"rendered","format":"html"}]},"author":51,"featured_media":268684,"comment_status":"open","ping_status":"open","sticky":false,"template":"","format":"standard","meta":{"footnotes":""},"categories":[149,6],"tags":[],"class_list":["post-268682","post","type-post","status-publish","format-standard","has-post-thumbnail","hentry","category-kosoverajon","category-nderkombetare"],"gt_translate_keys":[{"key":"link","format":"url"}],"_links":{"self":[{"href":"https:\/\/www.hashtag.al\/index.php\/wp-json\/wp\/v2\/posts\/268682","targetHints":{"allow":["GET"]}}],"collection":[{"href":"https:\/\/www.hashtag.al\/index.php\/wp-json\/wp\/v2\/posts"}],"about":[{"href":"https:\/\/www.hashtag.al\/index.php\/wp-json\/wp\/v2\/types\/post"}],"author":[{"embeddable":true,"href":"https:\/\/www.hashtag.al\/index.php\/wp-json\/wp\/v2\/users\/51"}],"replies":[{"embeddable":true,"href":"https:\/\/www.hashtag.al\/index.php\/wp-json\/wp\/v2\/comments?post=268682"}],"version-history":[{"count":0,"href":"https:\/\/www.hashtag.al\/index.php\/wp-json\/wp\/v2\/posts\/268682\/revisions"}],"wp:featuredmedia":[{"embeddable":true,"href":"https:\/\/www.hashtag.al\/index.php\/wp-json\/wp\/v2\/media\/268684"}],"wp:attachment":[{"href":"https:\/\/www.hashtag.al\/index.php\/wp-json\/wp\/v2\/media?parent=268682"}],"wp:term":[{"taxonomy":"category","embeddable":true,"href":"https:\/\/www.hashtag.al\/index.php\/wp-json\/wp\/v2\/categories?post=268682"},{"taxonomy":"post_tag","embeddable":true,"href":"https:\/\/www.hashtag.al\/index.php\/wp-json\/wp\/v2\/tags?post=268682"}],"curies":[{"name":"wp","href":"https:\/\/api.w.org\/{rel}","templated":true}]}}