{"id":268665,"date":"2019-01-25T13:32:15","date_gmt":"2019-01-25T12:32:15","guid":{"rendered":"https:\/\/hashtag.al\/?p=268665"},"modified":"2019-01-25T13:52:49","modified_gmt":"2019-01-25T12:52:49","slug":"pedagoget-e-ut-se-kerkese-me-6-pika-rames-ke-nje-jave-kohe-ndryshe-greve","status":"publish","type":"post","link":"https:\/\/www.hashtag.al\/index.php\/2019\/01\/25\/pedagoget-e-ut-se-kerkese-me-6-pika-rames-ke-nje-jave-kohe-ndryshe-greve\/","title":{"rendered":"Pedagog\u00ebt e UT-s\u00eb k\u00ebrkes\u00eb me 6 pika Ram\u00ebs: Ke nj\u00eb jav\u00eb koh\u00eb, ndryshe grev\u00eb!","gt_translate_keys":[{"key":"rendered","format":"text"}]},"content":{"rendered":"<p><span style=\"color: #000000;\"><img loading=\"lazy\" decoding=\"async\" class=\"aligncenter size-full wp-image-268666\" src=\"https:\/\/hashtag.al\/wp-content\/uploads\/2019\/01\/Asamble25janar.jpg2_.jpg\" alt=\"\" width=\"770\" height=\"385\" srcset=\"https:\/\/www.hashtag.al\/wp-content\/uploads\/2019\/01\/Asamble25janar.jpg2_.jpg 770w, https:\/\/www.hashtag.al\/wp-content\/uploads\/2019\/01\/Asamble25janar.jpg2_-300x150.jpg 300w, https:\/\/www.hashtag.al\/wp-content\/uploads\/2019\/01\/Asamble25janar.jpg2_-768x384.jpg 768w\" sizes=\"auto, (max-width: 770px) 100vw, 770px\" \/><\/span><\/p>\n<p><span style=\"color: #000000;\">Pedagog\u00ebt e Universitetit t\u00eb Tiran\u00ebs si dhe Senatet Akademike i kan\u00eb dh\u00ebn\u00eb qeveris\u00eb nj\u00eb jav\u00eb koh\u00eb p\u00ebr t\u00eb anuluar \u201cLigjin p\u00ebr Arsimin e Lart\u00eb\u201d. <\/span><\/p>\n<p><span style=\"color: #000000;\">Mbledhja ku u mor vendimi u zhvillua n\u00eb qytetin Studenti, ku nd\u00ebr t\u00eb tjera Asambleja e Universitetit t\u00eb Tiran\u00ebs k\u00ebrkoi edhe rishikimin e VKM-ve t\u00eb qeveris\u00eb, shprehu mb\u00ebshtetjen p\u00ebr protest\u00ebn e student\u00ebve si dhe k\u00ebrkoi miratimin e statusit t\u00eb pedagogut.<\/span><\/p>\n<p><span style=\"color: #000000;\"><strong>Deklarata e plot\u00eb<\/strong><\/span><\/p>\n<p><span style=\"color: #000000;\">Takimi i asambleve dhe i stafeve akademike t\u00eb fakulteteve t\u00eb Universitetit t\u00eb Tiran\u00ebs (Fakulteti i Historis\u00eb dhe i Filologjis\u00eb, Fakulteti i Shkencave t\u00eb Natyr\u00ebs, Fakulteti i Shkencave Sociale, Fakulteti i Drejt\u00ebsis\u00eb, Fakulteti i Ekonomis\u00eb dhe Fakulteti i Gjuh\u00ebve t\u00eb Huaja)<\/span><\/p>\n<p><span style=\"color: #000000;\">Deklarat\u00eb Drejtuar Kryeministrit t\u00eb Republik\u00ebs s\u00eb Shqip\u00ebris\u00eb, z. Edi Rama, dhe ministres s\u00eb Arsimit, t\u00eb Sportit dhe t\u00eb Rinis\u00eb, znj. Besa Shahini<\/span><\/p>\n<p><span style=\"color: #000000;\">Duke njohur dhe duke vler\u00ebsuar r\u00ebnd\u00ebsin\u00eb dhe seriozitetin e situat\u00ebs aktuale n\u00eb Arsimin e Lart\u00eb, dhe m\u00eb specifikisht n\u00eb Universitetin e Tiran\u00ebs, me p\u00ebrgjegj\u00ebsin\u00eb m\u00eb t\u00eb lart\u00eb p\u00ebr t\u00eb ofruar m\u00ebsimdh\u00ebnie dhe k\u00ebrkim shkencor t\u00eb nivelit m\u00eb t\u00eb mir\u00eb p\u00ebr student\u00ebt tan\u00eb, me detyr\u00ebn p\u00ebr t\u00eb ruajtuar dhe p\u00ebr t\u00eb forcuar rolin e universitetit publik n\u00eb Shqip\u00ebri, nxjerrim k\u00ebt\u00eb deklarat\u00eb: <\/span><\/p>\n<ol>\n<li><span style=\"color: #000000;\">Rinkonfirmojm\u00eb mb\u00ebshtetjen e student\u00ebve p\u00ebr k\u00ebrkesat e tyre. <\/span><\/li>\n<li><span style=\"color: #000000;\">Shprehemi kund\u00ebr Ligjit \u201cP\u00ebr arsimin e Lart\u00eb\u201d 80\/2015, si dhe k\u00ebrkojm\u00eb shprehjen e vullnetit t\u00eb qeveris\u00eb p\u00ebr fillimin e procesit legjislativ p\u00ebr hartimin e nj\u00eb ligji t\u00eb ri p\u00ebr Arsimin e Lart\u00eb, n\u00eb bashk\u00ebpunim me student\u00eb, pedagog\u00eb dhe aktor\u00eb t\u00eb tjer\u00eb t\u00eb r\u00ebnd\u00ebsish\u00ebm, n\u00eb nj\u00eb proces konsultimi t\u00eb hapur dhe gjith\u00ebp\u00ebrfshir\u00ebs.\u00a0<\/span><\/li>\n<li><span style=\"color: #000000;\">K\u00ebrkojm\u00eb shfuqizimin e menj\u00ebhersh\u00ebm t\u00eb VKM-ve t\u00eb dat\u00ebs 26 dhjetor 2018: Nr.777, Nr.781, Nr. 783, si dhe urdhrat po t\u00eb dat\u00ebs 26 dhjetor: Nr.183: Nr.184: Nr.185, t\u00eb cilat bien n\u00eb kund\u00ebrshtim me autonomin\u00eb universitare dhe lirin\u00eb akademike.\u00a0<\/span><\/li>\n<li><span style=\"color: #000000;\">K\u00ebrkojm\u00eb rritjen e buxhetit p\u00ebr arsimin e lart\u00eb publik\u00a0<\/span><\/li>\n<li><span style=\"color: #000000;\">Ndalimin e menj\u00ebhersh\u00ebm t\u00eb fushat\u00ebs denigruese ndaj pedagog\u00ebve dhe miratimin e statusit t\u00eb pedagogut.<\/span><\/li>\n<\/ol>\n<p><span style=\"color: #000000;\">Presim p\u00ebrgjigje dhe masa konkrete brenda dat\u00ebs 1 shkurt 2019 p\u00ebr pikat e m\u00ebsip\u00ebrme. N\u00ebse kjo nuk ndodh, at\u00ebher\u00eb do t\u2019i drejtohemi t\u00eb gjith\u00eb trup\u00ebs akademike t\u00eb universiteteve publike n\u00eb nivel komb\u00ebtar, p\u00ebr grev\u00eb t\u00eb p\u00ebrgjithshme. <\/span><\/p>\n<p><span style=\"color: #000000;\">Ftojm\u00eb t\u00eb gjitha universitetet e tjera publike t\u00eb shprehen dhe t\u00eb koordinojn\u00eb q\u00ebndrimet p\u00ebr sa m\u00eb sip\u00ebr.<\/span><\/p>\n<p><span style=\"color: #000000;\">Takimi i Asambleve t\u00eb Universitetit t\u00eb Tiran\u00eb<\/span><\/p>\n<p>&nbsp;<\/p>\n<p><span style=\"color: #000000;\"><img loading=\"lazy\" decoding=\"async\" class=\"aligncenter size-full wp-image-263849\" src=\"https:\/\/hashtag.al\/wp-content\/uploads\/2019\/01\/studentet-1.jpg\" alt=\"\" width=\"895\" height=\"549\" srcset=\"https:\/\/www.hashtag.al\/wp-content\/uploads\/2019\/01\/studentet-1.jpg 895w, https:\/\/www.hashtag.al\/wp-content\/uploads\/2019\/01\/studentet-1-300x184.jpg 300w, https:\/\/www.hashtag.al\/wp-content\/uploads\/2019\/01\/studentet-1-768x471.jpg 768w\" sizes=\"auto, (max-width: 895px) 100vw, 895px\" \/><\/span><\/p>\n","protected":false,"gt_translate_keys":[{"key":"rendered","format":"html"}]},"excerpt":{"rendered":"<p>Pedagog\u00ebt e Universitetit t\u00eb Tiran\u00ebs si dhe Senatet Akademike i kan\u00eb dh\u00ebn\u00eb qeveris\u00eb nj\u00eb jav\u00eb koh\u00eb p\u00ebr t\u00eb anuluar \u201cLigjin p\u00ebr Arsimin e Lart\u00eb\u201d. Mbledhja ku u mor vendimi u zhvillua n\u00eb qytetin Studenti, ku nd\u00ebr t\u00eb tjera Asambleja e Universitetit t\u00eb Tiran\u00ebs k\u00ebrkoi edhe rishikimin e VKM-ve t\u00eb qeveris\u00eb, shprehu mb\u00ebshtetjen p\u00ebr protest\u00ebn e [&hellip;]<\/p>\n","protected":false,"gt_translate_keys":[{"key":"rendered","format":"html"}]},"author":51,"featured_media":268667,"comment_status":"open","ping_status":"open","sticky":false,"template":"","format":"standard","meta":{"footnotes":""},"categories":[65,13],"tags":[],"class_list":["post-268665","post","type-post","status-publish","format-standard","has-post-thumbnail","hentry","category-lajme","category-te-fundit"],"gt_translate_keys":[{"key":"link","format":"url"}],"_links":{"self":[{"href":"https:\/\/www.hashtag.al\/index.php\/wp-json\/wp\/v2\/posts\/268665","targetHints":{"allow":["GET"]}}],"collection":[{"href":"https:\/\/www.hashtag.al\/index.php\/wp-json\/wp\/v2\/posts"}],"about":[{"href":"https:\/\/www.hashtag.al\/index.php\/wp-json\/wp\/v2\/types\/post"}],"author":[{"embeddable":true,"href":"https:\/\/www.hashtag.al\/index.php\/wp-json\/wp\/v2\/users\/51"}],"replies":[{"embeddable":true,"href":"https:\/\/www.hashtag.al\/index.php\/wp-json\/wp\/v2\/comments?post=268665"}],"version-history":[{"count":0,"href":"https:\/\/www.hashtag.al\/index.php\/wp-json\/wp\/v2\/posts\/268665\/revisions"}],"wp:featuredmedia":[{"embeddable":true,"href":"https:\/\/www.hashtag.al\/index.php\/wp-json\/wp\/v2\/media\/268667"}],"wp:attachment":[{"href":"https:\/\/www.hashtag.al\/index.php\/wp-json\/wp\/v2\/media?parent=268665"}],"wp:term":[{"taxonomy":"category","embeddable":true,"href":"https:\/\/www.hashtag.al\/index.php\/wp-json\/wp\/v2\/categories?post=268665"},{"taxonomy":"post_tag","embeddable":true,"href":"https:\/\/www.hashtag.al\/index.php\/wp-json\/wp\/v2\/tags?post=268665"}],"curies":[{"name":"wp","href":"https:\/\/api.w.org\/{rel}","templated":true}]}}