{"id":268589,"date":"2019-01-25T10:09:49","date_gmt":"2019-01-25T09:09:49","guid":{"rendered":"https:\/\/hashtag.al\/?p=268589"},"modified":"2019-01-25T10:12:17","modified_gmt":"2019-01-25T09:12:17","slug":"ndalohen-10-emigrante-siriane-ne-shkoder-dhe-ne-malesi-te-madhe","status":"publish","type":"post","link":"https:\/\/www.hashtag.al\/index.php\/2019\/01\/25\/ndalohen-10-emigrante-siriane-ne-shkoder-dhe-ne-malesi-te-madhe\/","title":{"rendered":"Ndalohen 10 emigrant\u00eb sirian\u00eb n\u00eb Shkod\u00ebr dhe n\u00eb Mal\u00ebsi t\u00eb Madhe","gt_translate_keys":[{"key":"rendered","format":"text"}]},"content":{"rendered":"<p><img loading=\"lazy\" decoding=\"async\" class=\"aligncenter size-full wp-image-268591\" src=\"https:\/\/hashtag.al\/wp-content\/uploads\/2019\/01\/emigrante.jpg\" alt=\"\" width=\"775\" height=\"518\" srcset=\"https:\/\/www.hashtag.al\/wp-content\/uploads\/2019\/01\/emigrante.jpg 775w, https:\/\/www.hashtag.al\/wp-content\/uploads\/2019\/01\/emigrante-300x201.jpg 300w, https:\/\/www.hashtag.al\/wp-content\/uploads\/2019\/01\/emigrante-768x513.jpg 768w\" sizes=\"auto, (max-width: 775px) 100vw, 775px\" \/><\/p>\n<p><span style=\"color: #000000;\">Ndalohen 10 emigrant\u00eb sirian\u00eb n\u00eb Shkod\u00ebr dhe Mal\u00ebsi t\u00eb Madhe. M\u00ebsohet se m\u00ebngjesin e k\u00ebsaj t\u00eb premteje, jan\u00eb ndaluar 7 sirian\u00eb pran\u00eb lulishtes n\u00eb qend\u00ebr t\u00eb qytetit t\u00eb Shkodr\u00ebs, n\u00eb af\u00ebrsi t\u00eb xhamis\u00eb Ebu Beker, si edhe 3 t\u00eb tjer\u00eb n\u00eb Mal\u00ebsi t\u00eb Madhe. I ndaluar \u00ebsht\u00eb edhe shoferi q\u00eb po mund\u00ebsonte transportin e tyre.<\/span><\/p>\n<p><span style=\"color: #000000;\">Dyshohet se emigrant\u00ebt sirian\u00eb kan\u00eb hyr\u00eb n\u00eb m\u00ebnyr\u00eb ilegale n\u00eb Shqip\u00ebri p\u00ebrmes kufirit t\u00eb gjelb\u00ebr nga Greqia dhe kan\u00eb si synim t\u00eb mb\u00ebrrin\u00eb n\u00eb vendet e BE-s\u00eb.<\/span><\/p>\n<p><span style=\"color: #000000;\">Vijon&#8230;<\/span><\/p>\n","protected":false,"gt_translate_keys":[{"key":"rendered","format":"html"}]},"excerpt":{"rendered":"<p>Ndalohen 10 emigrant\u00eb sirian\u00eb n\u00eb Shkod\u00ebr dhe Mal\u00ebsi t\u00eb Madhe. M\u00ebsohet se m\u00ebngjesin e k\u00ebsaj t\u00eb premteje, jan\u00eb ndaluar 7 sirian\u00eb pran\u00eb lulishtes n\u00eb qend\u00ebr t\u00eb qytetit t\u00eb Shkodr\u00ebs, n\u00eb af\u00ebrsi t\u00eb xhamis\u00eb Ebu Beker, si edhe 3 t\u00eb tjer\u00eb n\u00eb Mal\u00ebsi t\u00eb Madhe. I ndaluar \u00ebsht\u00eb edhe shoferi q\u00eb po mund\u00ebsonte transportin e tyre. [&hellip;]<\/p>\n","protected":false,"gt_translate_keys":[{"key":"rendered","format":"html"}]},"author":30,"featured_media":268591,"comment_status":"open","ping_status":"open","sticky":false,"template":"","format":"standard","meta":{"footnotes":""},"categories":[65,13],"tags":[],"class_list":["post-268589","post","type-post","status-publish","format-standard","has-post-thumbnail","hentry","category-lajme","category-te-fundit"],"gt_translate_keys":[{"key":"link","format":"url"}],"_links":{"self":[{"href":"https:\/\/www.hashtag.al\/index.php\/wp-json\/wp\/v2\/posts\/268589","targetHints":{"allow":["GET"]}}],"collection":[{"href":"https:\/\/www.hashtag.al\/index.php\/wp-json\/wp\/v2\/posts"}],"about":[{"href":"https:\/\/www.hashtag.al\/index.php\/wp-json\/wp\/v2\/types\/post"}],"author":[{"embeddable":true,"href":"https:\/\/www.hashtag.al\/index.php\/wp-json\/wp\/v2\/users\/30"}],"replies":[{"embeddable":true,"href":"https:\/\/www.hashtag.al\/index.php\/wp-json\/wp\/v2\/comments?post=268589"}],"version-history":[{"count":0,"href":"https:\/\/www.hashtag.al\/index.php\/wp-json\/wp\/v2\/posts\/268589\/revisions"}],"wp:featuredmedia":[{"embeddable":true,"href":"https:\/\/www.hashtag.al\/index.php\/wp-json\/wp\/v2\/media\/268591"}],"wp:attachment":[{"href":"https:\/\/www.hashtag.al\/index.php\/wp-json\/wp\/v2\/media?parent=268589"}],"wp:term":[{"taxonomy":"category","embeddable":true,"href":"https:\/\/www.hashtag.al\/index.php\/wp-json\/wp\/v2\/categories?post=268589"},{"taxonomy":"post_tag","embeddable":true,"href":"https:\/\/www.hashtag.al\/index.php\/wp-json\/wp\/v2\/tags?post=268589"}],"curies":[{"name":"wp","href":"https:\/\/api.w.org\/{rel}","templated":true}]}}