{"id":268583,"date":"2019-01-25T09:59:28","date_gmt":"2019-01-25T08:59:28","guid":{"rendered":"https:\/\/hashtag.al\/?p=268583"},"modified":"2019-01-25T10:01:10","modified_gmt":"2019-01-25T09:01:10","slug":"guaido-i-ofron-maduros-amnisti-nese-largohet-vete","status":"publish","type":"post","link":"https:\/\/www.hashtag.al\/index.php\/2019\/01\/25\/guaido-i-ofron-maduros-amnisti-nese-largohet-vete\/","title":{"rendered":"Guaid\u00f3 i ofron Maduros amnisti n\u00ebse largohet vet\u00eb","gt_translate_keys":[{"key":"rendered","format":"text"}]},"content":{"rendered":"<p><img loading=\"lazy\" decoding=\"async\" class=\"aligncenter size-full wp-image-268585\" src=\"https:\/\/hashtag.al\/wp-content\/uploads\/2019\/01\/maduro.jpg\" alt=\"\" width=\"620\" height=\"372\" srcset=\"https:\/\/www.hashtag.al\/wp-content\/uploads\/2019\/01\/maduro.jpg 620w, https:\/\/www.hashtag.al\/wp-content\/uploads\/2019\/01\/maduro-300x180.jpg 300w\" sizes=\"auto, (max-width: 620px) 100vw, 620px\" \/><\/p>\n<p><span style=\"color: #000000;\">Presidenti i Venezuel\u00ebs, Nicol\u00e1s Maduro dhe rrethi i tij i t\u00eb besuarve mund t\u00eb p\u00ebrfitojn\u00eb amnisti n\u00ebse pranojn\u00eb t\u00eb heqin dor\u00eb nga pushteti dhe t\u00eb pranojn\u00eb nj\u00eb tranzicion politik paq\u00ebsor.<\/span><\/p>\n<p><span style=\"color: #000000;\">T\u00eb pakt\u00ebn k\u00ebshtu ka deklaruar udh\u00ebheq\u00ebsi i opozit\u00ebs venezueliane Juan Guaid\u00f3.<\/span><\/p>\n<p><span style=\"color: #000000;\"><span style=\"color: #0000ff;\"><a style=\"color: #0000ff;\" href=\"https:\/\/www.theguardian.com\/world\/2019\/jan\/25\/venezuelas-juan-guaido-offers-nicolas-maduro-amnesty-if-he-goes-quietly\">&#8220;The Guardian&#8221;<\/a><\/span> shkruan se n\u00eb intervist\u00ebn e tij t\u00eb par\u00eb pas deklarat\u00ebs s\u00eb fort\u00eb t\u00eb s\u00eb m\u00ebrkur\u00ebs <em>&#8220;se tanim\u00eb ishte ai president i Venezuel\u00ebs&#8221;,<\/em> Guaid\u00f3 tha se ishte i vendosur t\u00eb sjell\u00eb fundin e &#8220;diktatur\u00ebs&#8221; s\u00eb Maduros, t\u00eb stabilizoj\u00eb kombin e tij ekonomikisht t\u00eb shkat\u00ebrruar dhe t\u00eb organizoj\u00eb zgjedhje t\u00eb lira &#8220;sa m\u00eb shpejt q\u00eb t\u00eb jet\u00eb e mundur&#8221;.<\/span><\/p>\n<p><span style=\"color: #000000;\">Guaid\u00f3 tha gjithashtu se pavar\u00ebsisht se Maduron e pret nj\u00eb d\u00ebnim nd\u00ebrkomb\u00ebtar, mund t&#8217;i ofrohet nj\u00eb amnisti n\u00ebse pranon largimin.<\/span><\/p>\n<p><em><span style=\"color: #000000;\">&#8220;Kjo amnisti, k\u00ebto garanci jan\u00eb n\u00eb tryez\u00eb p\u00ebr t\u00eb gjith\u00eb ata q\u00eb jan\u00eb t\u00eb gatsh\u00ebm t\u00eb vendosin veten n\u00eb an\u00ebn e kushtetut\u00ebs, n\u00eb m\u00ebnyr\u00eb q\u00eb t\u00eb rimarrin rendin demokratik.<\/span><\/em><\/p>\n<p><span style=\"color: #000000;\"><em>N\u00eb periudhat e tranzicionit raste t\u00eb ngjashme kan\u00eb ndodhur &#8220;<\/em>, tha Guaid\u00f3 duke p\u00ebrmendur faljet e m\u00ebparshme n\u00eb Kili dhe Venezuel\u00eb n\u00eb vitet 1970 dhe 1950.<\/span><\/p>\n<p><span style=\"color: #000000;\">Juan Guaid\u00f3 u vet\u00ebdeklarua t\u00eb m\u00ebrkur\u00ebn president i p\u00ebrkohsh\u00ebm, dhe u njoh shpejt nga shtetet e tjera, p\u00ebrfshir\u00eb Shtetet e Bashkuara, Brazilin, Kanadan\u00eb dhe Kolumbin\u00eb. Edhe Shqip\u00ebria u deklarua pro tij.<\/span><\/p>\n<p><span style=\"color: #000000;\">Por Rusia ka d\u00ebnuar mb\u00ebshtetjen e huaj p\u00ebr Guaid\u00f3, duke th\u00ebn\u00eb se kjo ishte nj\u00eb &#8220;rrug\u00eb e drejtp\u00ebrdrejt\u00eb p\u00ebr gjakderdhjen&#8221;. Kina, Meksika dhe Turqia gjithashtu e mb\u00ebshtesin \u00a0Maduron.<\/span><\/p>\n<p><img loading=\"lazy\" decoding=\"async\" class=\"aligncenter size-full wp-image-268584\" src=\"https:\/\/hashtag.al\/wp-content\/uploads\/2019\/01\/venezuele-1.jpg\" alt=\"\" width=\"620\" height=\"372\" srcset=\"https:\/\/www.hashtag.al\/wp-content\/uploads\/2019\/01\/venezuele-1.jpg 620w, https:\/\/www.hashtag.al\/wp-content\/uploads\/2019\/01\/venezuele-1-300x180.jpg 300w\" sizes=\"auto, (max-width: 620px) 100vw, 620px\" \/><\/p>\n","protected":false,"gt_translate_keys":[{"key":"rendered","format":"html"}]},"excerpt":{"rendered":"<p>Presidenti i Venezuel\u00ebs, Nicol\u00e1s Maduro dhe rrethi i tij i t\u00eb besuarve mund t\u00eb p\u00ebrfitojn\u00eb amnisti n\u00ebse pranojn\u00eb t\u00eb heqin dor\u00eb nga pushteti dhe t\u00eb pranojn\u00eb nj\u00eb tranzicion politik paq\u00ebsor. T\u00eb pakt\u00ebn k\u00ebshtu ka deklaruar udh\u00ebheq\u00ebsi i opozit\u00ebs venezueliane Juan Guaid\u00f3. &#8220;The Guardian&#8221; shkruan se n\u00eb intervist\u00ebn e tij t\u00eb par\u00eb pas deklarat\u00ebs s\u00eb fort\u00eb [&hellip;]<\/p>\n","protected":false,"gt_translate_keys":[{"key":"rendered","format":"html"}]},"author":30,"featured_media":268585,"comment_status":"open","ping_status":"open","sticky":false,"template":"","format":"standard","meta":{"footnotes":""},"categories":[6],"tags":[],"class_list":["post-268583","post","type-post","status-publish","format-standard","has-post-thumbnail","hentry","category-nderkombetare"],"gt_translate_keys":[{"key":"link","format":"url"}],"_links":{"self":[{"href":"https:\/\/www.hashtag.al\/index.php\/wp-json\/wp\/v2\/posts\/268583","targetHints":{"allow":["GET"]}}],"collection":[{"href":"https:\/\/www.hashtag.al\/index.php\/wp-json\/wp\/v2\/posts"}],"about":[{"href":"https:\/\/www.hashtag.al\/index.php\/wp-json\/wp\/v2\/types\/post"}],"author":[{"embeddable":true,"href":"https:\/\/www.hashtag.al\/index.php\/wp-json\/wp\/v2\/users\/30"}],"replies":[{"embeddable":true,"href":"https:\/\/www.hashtag.al\/index.php\/wp-json\/wp\/v2\/comments?post=268583"}],"version-history":[{"count":0,"href":"https:\/\/www.hashtag.al\/index.php\/wp-json\/wp\/v2\/posts\/268583\/revisions"}],"wp:featuredmedia":[{"embeddable":true,"href":"https:\/\/www.hashtag.al\/index.php\/wp-json\/wp\/v2\/media\/268585"}],"wp:attachment":[{"href":"https:\/\/www.hashtag.al\/index.php\/wp-json\/wp\/v2\/media?parent=268583"}],"wp:term":[{"taxonomy":"category","embeddable":true,"href":"https:\/\/www.hashtag.al\/index.php\/wp-json\/wp\/v2\/categories?post=268583"},{"taxonomy":"post_tag","embeddable":true,"href":"https:\/\/www.hashtag.al\/index.php\/wp-json\/wp\/v2\/tags?post=268583"}],"curies":[{"name":"wp","href":"https:\/\/api.w.org\/{rel}","templated":true}]}}