{"id":268515,"date":"2019-01-24T23:40:51","date_gmt":"2019-01-24T22:40:51","guid":{"rendered":"https:\/\/hashtag.al\/?p=268515"},"modified":"2019-01-24T23:14:47","modified_gmt":"2019-01-24T22:14:47","slug":"perplasje-dhe-dhune-jashte-parlamentit-ne-athine-per-marreveshjen-e-prespes","status":"publish","type":"post","link":"https:\/\/www.hashtag.al\/index.php\/2019\/01\/24\/perplasje-dhe-dhune-jashte-parlamentit-ne-athine-per-marreveshjen-e-prespes\/","title":{"rendered":"P\u00ebrplasje dhe dhun\u00eb jasht\u00eb Parlamentit n\u00eb Athin\u00eb p\u00ebr marr\u00ebveshjen e Presp\u00ebs","gt_translate_keys":[{"key":"rendered","format":"text"}]},"content":{"rendered":"<p><img loading=\"lazy\" decoding=\"async\" class=\"aligncenter size-full wp-image-268516\" src=\"https:\/\/hashtag.al\/wp-content\/uploads\/2019\/01\/Athine-proteste.jpg\" alt=\"\" width=\"512\" height=\"336\" srcset=\"https:\/\/www.hashtag.al\/wp-content\/uploads\/2019\/01\/Athine-proteste.jpg 512w, https:\/\/www.hashtag.al\/wp-content\/uploads\/2019\/01\/Athine-proteste-300x197.jpg 300w\" sizes=\"auto, (max-width: 512px) 100vw, 512px\" \/><\/p>\n<p><span style=\"color: #000000;\">Ka degjeneruar n\u00eb akte dhune protesta e mbr\u00ebmjes jasht\u00eb parlamentit grek, n\u00eb koh\u00ebn q\u00eb brenda nd\u00ebrtes\u00ebs vazhdonin debatet p\u00ebr miratimin e Marr\u00ebveshjes s\u00eb Presp\u00ebs.<\/span><\/p>\n<p><span style=\"color: #000000;\">Nj\u00eb grup prej rreth 100 personash, hodh\u00ebn gur\u00eb dhe fishekzjarre kund\u00ebr forcave t\u00eb policise, t\u00eb cilat u p\u00ebrgjigjen me granata shp\u00ebrthyese dhe gaz lotsjell\u00ebs.<\/span><\/p>\n<p><span style=\"color: #000000;\">N\u00eb vazhdim dhjet\u00ebra polic\u00eb zbrit\u00ebn n\u00eb sheshin Sindagma dhe duke p\u00ebrdorur shkopinjt\u00eb e gom\u00ebs dhe gazin lotsjell\u00ebs, shp\u00ebrndan\u00eb turm\u00ebn e protestuesve duke e ndjekur at\u00eb n\u00ebp\u00ebr rrugicat e qendr\u00ebs s\u00eb kryeqytetit helen.<\/span><\/p>\n<p><span style=\"color: #000000;\">Prej p\u00ebrleshjeve, disa persona mor\u00ebn plag\u00eb dhe u d\u00ebrguan n\u00eb spital, ndersa forcat e rendit ndaluan 4 protestues.<\/span><\/p>\n<p><span style=\"color: #000000;\">Brenda godines se parlamentit, qeveria dhe opozita vazhduan p\u00ebrballjen politike, me akuza t\u00eb r\u00ebnda q\u00eb arrinin deri n\u00eb ato t\u00eb tradhtis\u00eb ndaj vendit.<\/span><\/p>\n<p><span style=\"color: #000000;\">Kreu i Grek\u00ebt e Pavarur dhe deri pak dit\u00eb m\u00eb par\u00eb partneri n\u00eb qeveri, Panos Kamenos, akuzoi Syriza-n p\u00ebr komplot institucional, q\u00eb ka synim sh\u00eberb\u00ebrjen e partis\u00eb s\u00eb tij, nd\u00ebrsa kryeministri Tsipras\u00a0 akuzoi opozit\u00ebn se ka nxitur grupet ekstremiste t\u00eb kercenojne deputet\u00ebt e shumic\u00ebs duke iu ushtruar atyre presion jashte banesave, me pankarta n\u00eb t\u00eb cilat ata akuzohen si tradhtar\u00eb t\u00eb vendit.<\/span><\/p>\n<p><span style=\"color: #000000;\">M\u00eb her\u00ebt gjat\u00eb mbr\u00ebmjes, grupe ekstremiste d\u00ebmtuan me gur\u00eb\u00a0 banesat e t\u00eb pakt\u00ebn 3 deputet\u00ebve t\u00eb Syrizas.<\/span><\/p>\n<p><span style=\"color: #000000;\">Protestat do t\u00eb vazhdojn\u00eb s\u00ebrish paraditen e s\u00eb premtes, n\u00eb koh\u00ebn q\u00eb parlamenti do t\u00eb votoj\u00eb pro ose kund\u00ebr Marr\u00ebveshjes s\u00eb Presp\u00ebs.<\/span><\/p>\n","protected":false,"gt_translate_keys":[{"key":"rendered","format":"html"}]},"excerpt":{"rendered":"<p>Ka degjeneruar n\u00eb akte dhune protesta e mbr\u00ebmjes jasht\u00eb parlamentit grek, n\u00eb koh\u00ebn q\u00eb brenda nd\u00ebrtes\u00ebs vazhdonin debatet p\u00ebr miratimin e Marr\u00ebveshjes s\u00eb Presp\u00ebs. Nj\u00eb grup prej rreth 100 personash, hodh\u00ebn gur\u00eb dhe fishekzjarre kund\u00ebr forcave t\u00eb policise, t\u00eb cilat u p\u00ebrgjigjen me granata shp\u00ebrthyese dhe gaz lotsjell\u00ebs. N\u00eb vazhdim dhjet\u00ebra polic\u00eb zbrit\u00ebn n\u00eb sheshin [&hellip;]<\/p>\n","protected":false,"gt_translate_keys":[{"key":"rendered","format":"html"}]},"author":32,"featured_media":268516,"comment_status":"open","ping_status":"open","sticky":false,"template":"","format":"standard","meta":{"footnotes":""},"categories":[149,13],"tags":[],"class_list":["post-268515","post","type-post","status-publish","format-standard","has-post-thumbnail","hentry","category-kosoverajon","category-te-fundit"],"gt_translate_keys":[{"key":"link","format":"url"}],"_links":{"self":[{"href":"https:\/\/www.hashtag.al\/index.php\/wp-json\/wp\/v2\/posts\/268515","targetHints":{"allow":["GET"]}}],"collection":[{"href":"https:\/\/www.hashtag.al\/index.php\/wp-json\/wp\/v2\/posts"}],"about":[{"href":"https:\/\/www.hashtag.al\/index.php\/wp-json\/wp\/v2\/types\/post"}],"author":[{"embeddable":true,"href":"https:\/\/www.hashtag.al\/index.php\/wp-json\/wp\/v2\/users\/32"}],"replies":[{"embeddable":true,"href":"https:\/\/www.hashtag.al\/index.php\/wp-json\/wp\/v2\/comments?post=268515"}],"version-history":[{"count":0,"href":"https:\/\/www.hashtag.al\/index.php\/wp-json\/wp\/v2\/posts\/268515\/revisions"}],"wp:featuredmedia":[{"embeddable":true,"href":"https:\/\/www.hashtag.al\/index.php\/wp-json\/wp\/v2\/media\/268516"}],"wp:attachment":[{"href":"https:\/\/www.hashtag.al\/index.php\/wp-json\/wp\/v2\/media?parent=268515"}],"wp:term":[{"taxonomy":"category","embeddable":true,"href":"https:\/\/www.hashtag.al\/index.php\/wp-json\/wp\/v2\/categories?post=268515"},{"taxonomy":"post_tag","embeddable":true,"href":"https:\/\/www.hashtag.al\/index.php\/wp-json\/wp\/v2\/tags?post=268515"}],"curies":[{"name":"wp","href":"https:\/\/api.w.org\/{rel}","templated":true}]}}