{"id":268509,"date":"2019-01-24T23:09:05","date_gmt":"2019-01-24T22:09:05","guid":{"rendered":"https:\/\/hashtag.al\/?p=268509"},"modified":"2019-01-24T23:05:31","modified_gmt":"2019-01-24T22:05:31","slug":"perplasje-ne-parlament-grek-shtyhet-per-te-premten-votimi-per-marreveshjen-e-prespes","status":"publish","type":"post","link":"https:\/\/www.hashtag.al\/index.php\/2019\/01\/24\/perplasje-ne-parlament-grek-shtyhet-per-te-premten-votimi-per-marreveshjen-e-prespes\/","title":{"rendered":"P\u00ebrplasje n\u00eb parlament grek, shtyhet p\u00ebr t\u00eb premten votimi p\u00ebr marr\u00ebveshjen e Presp\u00ebs","gt_translate_keys":[{"key":"rendered","format":"text"}]},"content":{"rendered":"<p><img loading=\"lazy\" decoding=\"async\" class=\"aligncenter size-full wp-image-268510\" src=\"https:\/\/hashtag.al\/wp-content\/uploads\/2019\/01\/tsip-mitsotakis_web-thumb-large.jpg\" alt=\"\" width=\"960\" height=\"600\" srcset=\"https:\/\/www.hashtag.al\/wp-content\/uploads\/2019\/01\/tsip-mitsotakis_web-thumb-large.jpg 960w, https:\/\/www.hashtag.al\/wp-content\/uploads\/2019\/01\/tsip-mitsotakis_web-thumb-large-300x188.jpg 300w, https:\/\/www.hashtag.al\/wp-content\/uploads\/2019\/01\/tsip-mitsotakis_web-thumb-large-768x480.jpg 768w\" sizes=\"auto, (max-width: 960px) 100vw, 960px\" \/><\/p>\n<p>&nbsp;<\/p>\n<p><span style=\"color: #000000;\">Parlamenti Grek e shtyu p\u00ebr t\u00eb premten votimin e marr\u00ebveshjes se Presp\u00ebs q\u00eb njeh vendin fqinj si Maqedonia e Veriut.<\/span><\/p>\n<p><span style=\"color: #000000;\">Edhe n\u00eb dit\u00ebn e dyt\u00eb debati vijoi i ashp\u00ebr mes deputeteve, ku nuk munguan as p\u00ebrplasjet, apo akuzat p\u00ebr tradhti komb\u00ebtare.<\/span><\/p>\n<p><span style=\"color: #000000;\">Deputet e opozit\u00ebs konservatore akuzojn\u00eb qeverin\u00eb se ka shitur sovranitetin e vendit, nd\u00ebrsa thon\u00eb se marr\u00ebveshja \u00ebsht\u00eb shum\u00eb e d\u00ebmshme p\u00ebr interesat komb\u00ebtare greke.<\/span><\/p>\n<p><span style=\"color: #000000;\">N\u00eb an\u00ebn tjet\u00ebr qeveria e mbron at\u00eb duke publikuar detaje dhe video q\u00eb sqarojn\u00eb se marr\u00ebveshja e Presp\u00ebs mbyll p\u00ebrgjithmon\u00eb z\u00ebrat irredentiste n\u00eb vendin fqinj.<\/span><\/p>\n","protected":false,"gt_translate_keys":[{"key":"rendered","format":"html"}]},"excerpt":{"rendered":"<p>&nbsp; Parlamenti Grek e shtyu p\u00ebr t\u00eb premten votimin e marr\u00ebveshjes se Presp\u00ebs q\u00eb njeh vendin fqinj si Maqedonia e Veriut. Edhe n\u00eb dit\u00ebn e dyt\u00eb debati vijoi i ashp\u00ebr mes deputeteve, ku nuk munguan as p\u00ebrplasjet, apo akuzat p\u00ebr tradhti komb\u00ebtare. Deputet e opozit\u00ebs konservatore akuzojn\u00eb qeverin\u00eb se ka shitur sovranitetin e vendit, nd\u00ebrsa [&hellip;]<\/p>\n","protected":false,"gt_translate_keys":[{"key":"rendered","format":"html"}]},"author":32,"featured_media":268510,"comment_status":"open","ping_status":"open","sticky":false,"template":"","format":"standard","meta":{"footnotes":""},"categories":[149,13],"tags":[],"class_list":["post-268509","post","type-post","status-publish","format-standard","has-post-thumbnail","hentry","category-kosoverajon","category-te-fundit"],"gt_translate_keys":[{"key":"link","format":"url"}],"_links":{"self":[{"href":"https:\/\/www.hashtag.al\/index.php\/wp-json\/wp\/v2\/posts\/268509","targetHints":{"allow":["GET"]}}],"collection":[{"href":"https:\/\/www.hashtag.al\/index.php\/wp-json\/wp\/v2\/posts"}],"about":[{"href":"https:\/\/www.hashtag.al\/index.php\/wp-json\/wp\/v2\/types\/post"}],"author":[{"embeddable":true,"href":"https:\/\/www.hashtag.al\/index.php\/wp-json\/wp\/v2\/users\/32"}],"replies":[{"embeddable":true,"href":"https:\/\/www.hashtag.al\/index.php\/wp-json\/wp\/v2\/comments?post=268509"}],"version-history":[{"count":0,"href":"https:\/\/www.hashtag.al\/index.php\/wp-json\/wp\/v2\/posts\/268509\/revisions"}],"wp:featuredmedia":[{"embeddable":true,"href":"https:\/\/www.hashtag.al\/index.php\/wp-json\/wp\/v2\/media\/268510"}],"wp:attachment":[{"href":"https:\/\/www.hashtag.al\/index.php\/wp-json\/wp\/v2\/media?parent=268509"}],"wp:term":[{"taxonomy":"category","embeddable":true,"href":"https:\/\/www.hashtag.al\/index.php\/wp-json\/wp\/v2\/categories?post=268509"},{"taxonomy":"post_tag","embeddable":true,"href":"https:\/\/www.hashtag.al\/index.php\/wp-json\/wp\/v2\/tags?post=268509"}],"curies":[{"name":"wp","href":"https:\/\/api.w.org\/{rel}","templated":true}]}}