{"id":268495,"date":"2019-01-24T22:00:55","date_gmt":"2019-01-24T21:00:55","guid":{"rendered":"https:\/\/hashtag.al\/?p=268495"},"modified":"2019-01-24T22:00:55","modified_gmt":"2019-01-24T21:00:55","slug":"paralajmeron-berisha-se-shpejti-do-publikohet-dosja-e-gjiknurit","status":"publish","type":"post","link":"https:\/\/www.hashtag.al\/index.php\/2019\/01\/24\/paralajmeron-berisha-se-shpejti-do-publikohet-dosja-e-gjiknurit\/","title":{"rendered":"Paralajm\u00ebron Berisha: S\u00eb shpejti do publikohet dosja e Gjiknurit","gt_translate_keys":[{"key":"rendered","format":"text"}]},"content":{"rendered":"<p><img loading=\"lazy\" decoding=\"async\" class=\"aligncenter size-full wp-image-268491\" src=\"https:\/\/hashtag.al\/wp-content\/uploads\/2019\/01\/berisha-opinion-24-janar.jpg\" alt=\"\" width=\"649\" height=\"350\" srcset=\"https:\/\/www.hashtag.al\/wp-content\/uploads\/2019\/01\/berisha-opinion-24-janar.jpg 649w, https:\/\/www.hashtag.al\/wp-content\/uploads\/2019\/01\/berisha-opinion-24-janar-300x162.jpg 300w\" sizes=\"auto, (max-width: 649px) 100vw, 649px\" \/><\/p>\n<p><span style=\"color: #000000;\">&#8220;Keni par\u00eb vet\u00ebm dosjen e Gjushit, pro do t\u00eb shihni edhe dosjen e Gjiknurit&#8221;- ka qen\u00eb paraljm\u00ebrimi i ish-kryeministrit Berisha lidhur me skandalet q\u00eb po e shoq\u00ebrojn\u00eb mazhoranc\u00ebn.<\/span><\/p>\n<p><span style=\"color: #000000;\">Sipas Berish\u00ebs dosja e radh\u00ebs q\u00eb do publikohet s\u00eb shpejti do jet\u00eb dosja e Gjiknurit q\u00eb prokuroria ka p\u00ebr zgjedhjet.<\/span><\/p>\n<p><span style=\"color: #000000;\">\u201cJu keni par\u00eb vet\u00ebm nj\u00eb dosje nuk keni par\u00eb dosje t\u00eb tjera q\u00eb jan\u00eb n\u00eb prokurori p\u00ebr zgjedhjet. Ju keni par\u00eb vet\u00ebm dosjen e Gjushit. Do t\u00eb shihni dosjen tjet\u00ebr, t\u00eb Gjiknurit. \u00a0Do t\u00eb shihni dosjet me radh\u00eb<\/span><\/p>\n<p><span style=\"color: #000000;\">Duke e krahasuar Ram\u00ebn me presidentin e Venezuel\u00ebs Maduro, Berisha tha se \u201cMaduro duhet t\u00eb p\u00ebrfundoj\u00eb n\u00eb koshin e plehrave t\u00eb historis\u00eb\u201d- tha Berisha nga studio e emisionit &#8220;Opinion&#8221;.<\/span><\/p>\n","protected":false,"gt_translate_keys":[{"key":"rendered","format":"html"}]},"excerpt":{"rendered":"<p>&#8220;Keni par\u00eb vet\u00ebm dosjen e Gjushit, pro do t\u00eb shihni edhe dosjen e Gjiknurit&#8221;- ka qen\u00eb paraljm\u00ebrimi i ish-kryeministrit Berisha lidhur me skandalet q\u00eb po e shoq\u00ebrojn\u00eb mazhoranc\u00ebn. Sipas Berish\u00ebs dosja e radh\u00ebs q\u00eb do publikohet s\u00eb shpejti do jet\u00eb dosja e Gjiknurit q\u00eb prokuroria ka p\u00ebr zgjedhjet. \u201cJu keni par\u00eb vet\u00ebm nj\u00eb dosje nuk [&hellip;]<\/p>\n","protected":false,"gt_translate_keys":[{"key":"rendered","format":"html"}]},"author":32,"featured_media":268491,"comment_status":"open","ping_status":"open","sticky":false,"template":"","format":"standard","meta":{"footnotes":""},"categories":[65,13],"tags":[],"class_list":["post-268495","post","type-post","status-publish","format-standard","has-post-thumbnail","hentry","category-lajme","category-te-fundit"],"gt_translate_keys":[{"key":"link","format":"url"}],"_links":{"self":[{"href":"https:\/\/www.hashtag.al\/index.php\/wp-json\/wp\/v2\/posts\/268495","targetHints":{"allow":["GET"]}}],"collection":[{"href":"https:\/\/www.hashtag.al\/index.php\/wp-json\/wp\/v2\/posts"}],"about":[{"href":"https:\/\/www.hashtag.al\/index.php\/wp-json\/wp\/v2\/types\/post"}],"author":[{"embeddable":true,"href":"https:\/\/www.hashtag.al\/index.php\/wp-json\/wp\/v2\/users\/32"}],"replies":[{"embeddable":true,"href":"https:\/\/www.hashtag.al\/index.php\/wp-json\/wp\/v2\/comments?post=268495"}],"version-history":[{"count":0,"href":"https:\/\/www.hashtag.al\/index.php\/wp-json\/wp\/v2\/posts\/268495\/revisions"}],"wp:featuredmedia":[{"embeddable":true,"href":"https:\/\/www.hashtag.al\/index.php\/wp-json\/wp\/v2\/media\/268491"}],"wp:attachment":[{"href":"https:\/\/www.hashtag.al\/index.php\/wp-json\/wp\/v2\/media?parent=268495"}],"wp:term":[{"taxonomy":"category","embeddable":true,"href":"https:\/\/www.hashtag.al\/index.php\/wp-json\/wp\/v2\/categories?post=268495"},{"taxonomy":"post_tag","embeddable":true,"href":"https:\/\/www.hashtag.al\/index.php\/wp-json\/wp\/v2\/tags?post=268495"}],"curies":[{"name":"wp","href":"https:\/\/api.w.org\/{rel}","templated":true}]}}