{"id":268457,"date":"2019-01-24T19:10:59","date_gmt":"2019-01-24T18:10:59","guid":{"rendered":"https:\/\/hashtag.al\/?p=268457"},"modified":"2019-01-24T19:12:03","modified_gmt":"2019-01-24T18:12:03","slug":"268457","status":"publish","type":"post","link":"https:\/\/www.hashtag.al\/index.php\/2019\/01\/24\/268457\/","title":{"rendered":"Protestat, parlamenti grek shtyn p\u00ebr nes\u00ebr votimin e emrit t\u00eb Maqedonis\u00eb","gt_translate_keys":[{"key":"rendered","format":"text"}]},"content":{"rendered":"<p><img loading=\"lazy\" decoding=\"async\" class=\"alignnone size-full wp-image-268459\" src=\"https:\/\/hashtag.al\/wp-content\/uploads\/2019\/01\/sheshi.jpg\" alt=\"\" width=\"860\" height=\"483\" srcset=\"https:\/\/www.hashtag.al\/wp-content\/uploads\/2019\/01\/sheshi.jpg 860w, https:\/\/www.hashtag.al\/wp-content\/uploads\/2019\/01\/sheshi-300x168.jpg 300w, https:\/\/www.hashtag.al\/wp-content\/uploads\/2019\/01\/sheshi-768x431.jpg 768w\" sizes=\"auto, (max-width: 860px) 100vw, 860px\" \/><\/p>\n<p><span style=\"color: #000000;\">Pas protestave\u00a0 t\u00eb shumta t\u00eb qytetar\u00ebve grek\u00eb dhe p\u00ebrplasjeve me policin\u00eb, parlamenti i shtetit helen ka shtyr\u00eb seanc\u00ebn plenare ku do t\u00eb votohet p\u00ebr emrin e Maqedonis\u00eb.\u00a0 Votimi n\u00eb parlamentin grek mbi emrin e ri t\u00eb Maqedonis\u00eb, q\u00eb pritej t\u00eb zhvillohej sot n\u00eb mbr\u00ebmje, u shty p\u00ebr nes\u00ebr n\u00eb or\u00ebn 14:30.<\/span><\/p>\n<p><span style=\"color: #000000;\">B\u00ebhet e ditur se u shty votimi p\u00ebr shkak t\u00eb numrit t\u00eb konsideruesh\u00ebm t\u00eb deputet\u00ebve q\u00eb k\u00ebrkojn\u00eb t\u00eb marrin fjal\u00ebn para zhvillimit t\u00eb k\u00ebtij votimi.<\/span><\/p>\n<p><span style=\"color: #000000;\">Marr\u00ebveshja p\u00ebr emrin e ri t\u00eb Maqedonis\u00eb, e arritur mes kryeministrit Zoran Zaev dhe homologut t\u00eb tij grek, Alexis Tsipras, nuk \u00ebsht\u00eb pritur mir\u00eb nga kampet opozitare t\u00eb t\u00eb dy vendeve. N\u00eb Maqedoni \u00ebsht\u00eb presidenti Ivanov, q\u00eb refuzon k\u00ebt\u00eb. Nd\u00ebrsa n\u00eb Greqi, opozita dor\u00ebzoi nj\u00eb mocion mosbesimi p\u00ebr kryeministrin Tsipras.<\/span><\/p>\n<p><span style=\"color: #000000;\">Pak dit\u00eb m\u00eb par\u00eb n\u00eb sheshin \u201cSintagma\u201d para Kuvendit grek kund\u00ebr marr\u00ebveshjes s\u00eb Presp\u00ebs n\u00ebn moton \u201cMaqedoni do t\u00eb thot\u00eb Greqi\u201d, qytetar\u00ebt k\u00ebrkojn\u00eb anullimin e k\u00ebsaj marr\u00ebveshje.\u00a0<\/span><\/p>\n","protected":false,"gt_translate_keys":[{"key":"rendered","format":"html"}]},"excerpt":{"rendered":"<p>Pas protestave\u00a0 t\u00eb shumta t\u00eb qytetar\u00ebve grek\u00eb dhe p\u00ebrplasjeve me policin\u00eb, parlamenti i shtetit helen ka shtyr\u00eb seanc\u00ebn plenare ku do t\u00eb votohet p\u00ebr emrin e Maqedonis\u00eb.\u00a0 Votimi n\u00eb parlamentin grek mbi emrin e ri t\u00eb Maqedonis\u00eb, q\u00eb pritej t\u00eb zhvillohej sot n\u00eb mbr\u00ebmje, u shty p\u00ebr nes\u00ebr n\u00eb or\u00ebn 14:30. B\u00ebhet e ditur se [&hellip;]<\/p>\n","protected":false,"gt_translate_keys":[{"key":"rendered","format":"html"}]},"author":30,"featured_media":268459,"comment_status":"open","ping_status":"open","sticky":false,"template":"","format":"standard","meta":{"footnotes":""},"categories":[65,13],"tags":[],"class_list":["post-268457","post","type-post","status-publish","format-standard","has-post-thumbnail","hentry","category-lajme","category-te-fundit"],"gt_translate_keys":[{"key":"link","format":"url"}],"_links":{"self":[{"href":"https:\/\/www.hashtag.al\/index.php\/wp-json\/wp\/v2\/posts\/268457","targetHints":{"allow":["GET"]}}],"collection":[{"href":"https:\/\/www.hashtag.al\/index.php\/wp-json\/wp\/v2\/posts"}],"about":[{"href":"https:\/\/www.hashtag.al\/index.php\/wp-json\/wp\/v2\/types\/post"}],"author":[{"embeddable":true,"href":"https:\/\/www.hashtag.al\/index.php\/wp-json\/wp\/v2\/users\/30"}],"replies":[{"embeddable":true,"href":"https:\/\/www.hashtag.al\/index.php\/wp-json\/wp\/v2\/comments?post=268457"}],"version-history":[{"count":0,"href":"https:\/\/www.hashtag.al\/index.php\/wp-json\/wp\/v2\/posts\/268457\/revisions"}],"wp:featuredmedia":[{"embeddable":true,"href":"https:\/\/www.hashtag.al\/index.php\/wp-json\/wp\/v2\/media\/268459"}],"wp:attachment":[{"href":"https:\/\/www.hashtag.al\/index.php\/wp-json\/wp\/v2\/media?parent=268457"}],"wp:term":[{"taxonomy":"category","embeddable":true,"href":"https:\/\/www.hashtag.al\/index.php\/wp-json\/wp\/v2\/categories?post=268457"},{"taxonomy":"post_tag","embeddable":true,"href":"https:\/\/www.hashtag.al\/index.php\/wp-json\/wp\/v2\/tags?post=268457"}],"curies":[{"name":"wp","href":"https:\/\/api.w.org\/{rel}","templated":true}]}}