{"id":268451,"date":"2019-01-24T18:47:05","date_gmt":"2019-01-24T17:47:05","guid":{"rendered":"https:\/\/hashtag.al\/?p=268451"},"modified":"2019-01-24T18:59:58","modified_gmt":"2019-01-24T17:59:58","slug":"mynyr-koni-studentet-duan-te-bejne-mesim-do-i-takoj-vete-ata-te-juridikut","status":"publish","type":"post","link":"https:\/\/www.hashtag.al\/index.php\/2019\/01\/24\/mynyr-koni-studentet-duan-te-bejne-mesim-do-i-takoj-vete-ata-te-juridikut\/","title":{"rendered":"Mynyr Koni: Student\u00ebt duan t\u00eb b\u00ebjn\u00eb m\u00ebsim, do i takoj vet\u00eb ata t\u00eb Juridikut","gt_translate_keys":[{"key":"rendered","format":"text"}]},"content":{"rendered":"<p><span style=\"color: #000000;\"><img loading=\"lazy\" decoding=\"async\" class=\"alignnone size-full wp-image-258347\" src=\"https:\/\/hashtag.al\/wp-content\/uploads\/2018\/12\/koni2.jpg\" alt=\"\" width=\"1280\" height=\"720\" srcset=\"https:\/\/www.hashtag.al\/wp-content\/uploads\/2018\/12\/koni2.jpg 1280w, https:\/\/www.hashtag.al\/wp-content\/uploads\/2018\/12\/koni2-300x169.jpg 300w, https:\/\/www.hashtag.al\/wp-content\/uploads\/2018\/12\/koni2-768x432.jpg 768w, https:\/\/www.hashtag.al\/wp-content\/uploads\/2018\/12\/koni2-1024x576.jpg 1024w\" sizes=\"auto, (max-width: 1280px) 100vw, 1280px\" \/><\/span><\/p>\n<p><span style=\"color: #000000;\">Rektori i Univesitetit t\u00eb Tiran\u00ebs, Mynyr Koni ka treguar se \u00e7far\u00eb ka ndodhur sot n\u00eb\u00a0mbledhjen e Senatit Akademik t\u00eb Universitetit t\u00eb Tiran\u00ebs.\u00a0 N\u00eb reagimin e tij Koni thekson se student\u00ebt<span class=\"text_exposed_show\">\u00a0k\u00ebrkuan q\u00eb t\u2019u garantohet e drejta p\u00ebr procesin e m\u00ebsimdh\u00ebnies.\u00a0<\/span>Koni ka mohuar z\u00ebrat se senati ka k\u00ebrkuar dor\u00ebheqjen e tij si\u00a0 rektor i Universitetit t\u00eb Tiran\u00ebs.<\/span><\/p>\n<p><span style=\"color: #000000;\">&#8220;Sot n\u00eb dat\u00ebn 24 janar 2019, n\u00eb mbledhjen e Senatit Akademik t\u00eb Universitetit t\u00eb Tiran\u00ebs, ashtu sikurse ishte vendosur n\u00eb rendin e dit\u00ebs, u shqyrtua materiali i p\u00ebrgatitur nga grupi i pun\u00ebs n\u00eb lidhje me aktet n\u00ebnligjore t\u00eb miratuara n\u00eb dat\u00ebn 26 dhjetor 2018 nga K\u00ebshilli i Ministrave.<\/span><br \/>\n<span style=\"color: #000000;\"> Gjat\u00eb k\u00ebsaj mbledhjeje, Dekani i Fakultetit t\u00eb Drejt\u00ebsis\u00eb Z. Artan Hoxha paraqiti situat\u00ebn mbi at\u00eb se \u00e7far\u00eb po ndodh n\u00eb k\u00ebt\u00eb fakultet dhe pas diskutimeve, Senati vendosi t\u00eb d\u00ebgjoj\u00eb nj\u00eb p\u00ebrfaq\u00ebsi\u00a0<span class=\"text_exposed_show\">t\u00eb student\u00ebve t\u00eb FD rreth shqet\u00ebsimeve t\u00eb tyre p\u00ebr vijueshm\u00ebrin\u00eb e procesit m\u00ebsimor.\u00a0<\/span><\/span><\/p>\n<p><span style=\"color: #000000;\"><span class=\"text_exposed_show\">Student\u00ebt k\u00ebrkuan q\u00eb t\u2019u garantohet e drejta p\u00ebr procesin e m\u00ebsimdh\u00ebnies. N\u00eb k\u00ebto kushte, Rektori i Universitetit t\u00eb Tiran\u00ebs deklaroi menj\u00ebher\u00eb se dit\u00ebn e premte dat\u00eb 25 janar 2019, ora 10:00, do t\u00eb shkoj\u00eb n\u00eb Fakultetin e Drejt\u00ebsis\u00eb p\u00ebr t\u00eb takuar student\u00ebt q\u00eb ndodhen brenda k\u00ebtij fakulteti.\u00a0\u00a0<\/span><span class=\"text_exposed_show\">M\u00eb pas Senati vazhdoi mbledhjen e tij sipas axhend\u00ebs.\u00a0 \u00c7do artikulim tjet\u00ebr nga disa portale lajmesh \u00ebsht\u00eb i pavertet\u00eb dhe nj\u00eb spekulim i stisur.&#8221;, shprehet Koni.\u00a0<\/span><\/span><\/p>\n<p><span style=\"color: #000000;\"><img loading=\"lazy\" decoding=\"async\" class=\"alignnone size-full wp-image-268122\" src=\"https:\/\/hashtag.al\/wp-content\/uploads\/2019\/01\/studentet23janar5.jpg\" alt=\"\" width=\"900\" height=\"600\" srcset=\"https:\/\/www.hashtag.al\/wp-content\/uploads\/2019\/01\/studentet23janar5.jpg 900w, https:\/\/www.hashtag.al\/wp-content\/uploads\/2019\/01\/studentet23janar5-300x200.jpg 300w, https:\/\/www.hashtag.al\/wp-content\/uploads\/2019\/01\/studentet23janar5-768x512.jpg 768w\" sizes=\"auto, (max-width: 900px) 100vw, 900px\" \/><\/span><\/p>\n<p>&nbsp;<\/p>\n","protected":false,"gt_translate_keys":[{"key":"rendered","format":"html"}]},"excerpt":{"rendered":"<p>Rektori i Univesitetit t\u00eb Tiran\u00ebs, Mynyr Koni ka treguar se \u00e7far\u00eb ka ndodhur sot n\u00eb\u00a0mbledhjen e Senatit Akademik t\u00eb Universitetit t\u00eb Tiran\u00ebs.\u00a0 N\u00eb reagimin e tij Koni thekson se student\u00ebt\u00a0k\u00ebrkuan q\u00eb t\u2019u garantohet e drejta p\u00ebr procesin e m\u00ebsimdh\u00ebnies.\u00a0Koni ka mohuar z\u00ebrat se senati ka k\u00ebrkuar dor\u00ebheqjen e tij si\u00a0 rektor i Universitetit t\u00eb Tiran\u00ebs. [&hellip;]<\/p>\n","protected":false,"gt_translate_keys":[{"key":"rendered","format":"html"}]},"author":30,"featured_media":258347,"comment_status":"open","ping_status":"open","sticky":false,"template":"","format":"standard","meta":{"footnotes":""},"categories":[65,13],"tags":[],"class_list":["post-268451","post","type-post","status-publish","format-standard","has-post-thumbnail","hentry","category-lajme","category-te-fundit"],"gt_translate_keys":[{"key":"link","format":"url"}],"_links":{"self":[{"href":"https:\/\/www.hashtag.al\/index.php\/wp-json\/wp\/v2\/posts\/268451","targetHints":{"allow":["GET"]}}],"collection":[{"href":"https:\/\/www.hashtag.al\/index.php\/wp-json\/wp\/v2\/posts"}],"about":[{"href":"https:\/\/www.hashtag.al\/index.php\/wp-json\/wp\/v2\/types\/post"}],"author":[{"embeddable":true,"href":"https:\/\/www.hashtag.al\/index.php\/wp-json\/wp\/v2\/users\/30"}],"replies":[{"embeddable":true,"href":"https:\/\/www.hashtag.al\/index.php\/wp-json\/wp\/v2\/comments?post=268451"}],"version-history":[{"count":0,"href":"https:\/\/www.hashtag.al\/index.php\/wp-json\/wp\/v2\/posts\/268451\/revisions"}],"wp:featuredmedia":[{"embeddable":true,"href":"https:\/\/www.hashtag.al\/index.php\/wp-json\/wp\/v2\/media\/258347"}],"wp:attachment":[{"href":"https:\/\/www.hashtag.al\/index.php\/wp-json\/wp\/v2\/media?parent=268451"}],"wp:term":[{"taxonomy":"category","embeddable":true,"href":"https:\/\/www.hashtag.al\/index.php\/wp-json\/wp\/v2\/categories?post=268451"},{"taxonomy":"post_tag","embeddable":true,"href":"https:\/\/www.hashtag.al\/index.php\/wp-json\/wp\/v2\/tags?post=268451"}],"curies":[{"name":"wp","href":"https:\/\/api.w.org\/{rel}","templated":true}]}}